{"id":416179,"date":"2025-09-25T09:45:12","date_gmt":"2025-09-25T09:45:12","guid":{"rendered":"https:\/\/www.europesays.com\/fr\/416179\/"},"modified":"2025-09-25T09:45:12","modified_gmt":"2025-09-25T09:45:12","slug":"patrick-watson-sort-un-nouvel-album-oui-ma-chanson-est-un-phenomene-tiktok-mais-pas-que","status":"publish","type":"post","link":"https:\/\/www.europesays.com\/fr\/416179\/","title":{"rendered":"Patrick Watson sort un nouvel album\u2026 \u00ab\u00a0Oui, ma chanson est un ph\u00e9nom\u00e8ne TikTok mais pas que\u00a0\u00bb"},"content":{"rendered":"<p>Le succ\u00e8s retentissant du titre <a href=\"https:\/\/www.20minutes.fr\/arts-stars\/4128196-20241210-voici-premiere-chanson-francais-depasse-milliard-ecoutes-spotify\" class=\"c-link c-link--is-underlined\" target=\"_blank\" rel=\"noopener\">Je te laisserai des mots<\/a>, premi\u00e8re chanson francophone \u00e0 avoir franchi la barre symbolique du milliard d\u2019\u00e9coutes sur <a href=\"https:\/\/www.20minutes.fr\/high-tech\/4165202-20250726-chansons-generees-ia-ajoutees-comptes-spotify-artistes-decedes\" class=\"c-link c-link--is-underlined\" target=\"_blank\" rel=\"noopener\">Spotify<\/a>, n\u2019y change rien\u2026 Patrick Watson fait de sa pop ind\u00e9pendante, toujours teint\u00e9e de m\u00e9lancolie, le meilleur des rem\u00e8des anti-stress pour celle ou celui qui l\u2019\u00e9coute. Une v\u00e9ritable bulle de s\u00e9r\u00e9nit\u00e9 pour parer \u00ab\u00a0le chaos de la vie moderne\u00a0\u00bb. Chose que l\u2019on retrouve dans son huiti\u00e8me album Uh Oh, onomatop\u00e9e que l\u2019on emploie tous ( \u00ab\u00a0oh oh\u00a0\u00bb pour les francophones) quand on rencontre un probl\u00e8me.<\/p>\n<p>C\u2019est d\u2019ailleurs le point de d\u00e9part de cet album collaboratif. Un \u00ab\u00a0uh oh\u00a0\u00bb terrible pour Patrick Watson qui perd sa voix et d\u00e9cide d\u2019\u00e9crire et de composer pour les autres. S\u2019il la retrouve, le projet initial reste inchang\u00e9\u00a0: un album fait <a href=\"https:\/\/www.20minutes.fr\/arts-stars\/people\/4164657-20250721-billie-eilish-annonce-collaboration-speciale-james-cameron-plein-concert\" class=\"c-link c-link--is-underlined\" target=\"_blank\" rel=\"noopener\">de collaborations<\/a> avec des voix et des personnalit\u00e9s d\u2019horizons aussi divers que vari\u00e9s. Uniquement des femmes. De Silencio avec November Ultra \u00e0 Gordon in the Willows avec Charlotte Cardin en passant par \u00c7a va avec Solann, sacr\u00e9e r\u00e9v\u00e9lation f\u00e9minine aux derni\u00e8res <a href=\"https:\/\/www.20minutes.fr\/dossier\/victoires-musique\" class=\"c-link c-link--is-underlined\" target=\"_blank\" rel=\"noopener\">Victoires de la musique<\/a>, l\u2019album s\u2019\u00e9coute comme un voyage musical aussi apaisant que r\u00e9g\u00e9n\u00e9rant.<\/p>\n<p>A quelques jours de la sortie de ce huiti\u00e8me opus, 20 Minutes a rencontr\u00e9 Patrick Watson dans un appartement parisien aussi atypique que sa carri\u00e8re, entre musique ind\u00e9pendante, record de streams, et compositions pour des s\u00e9ries populaires, dont <a href=\"https:\/\/www.20minutes.fr\/arts-stars\/people\/4148771-20250415-ellen-pompeo-accroche-grey-anatomy-raisons-emotionnelles-financieres\" class=\"c-link c-link--is-underlined\" target=\"_blank\" rel=\"noopener\">Grey\u2019s Anatomy<\/a>, This Is Us ou The Walking Dead. L\u2019artiste qui sera sur la sc\u00e8ne du Z\u00e9nith de Paris le 4\u00a0novembre 2025 se confie notamment sur la gen\u00e8se de ce nouvel album et son duo avec Solann, et revient sur le succ\u00e8s plan\u00e9taire de Je te laisserai des mots. Rencontre.<\/p>\n","protected":false},"excerpt":{"rendered":"Le succ\u00e8s retentissant du titre Je te laisserai des mots, premi\u00e8re chanson francophone \u00e0 avoir franchi la barre&hellip;\n","protected":false},"author":2,"featured_media":416180,"comment_status":"","ping_status":"","sticky":false,"template":"","format":"standard","meta":{"footnotes":""},"categories":[1355],"tags":[642,1692,1697,251,58,59,1011,27,6885,8771,1361,873,973,3241,6852,128,26244,12177],"class_list":{"0":"post-416179","1":"post","2":"type-post","3":"status-publish","4":"format-standard","5":"has-post-thumbnail","7":"category-musique","8":"tag-20-minutes","9":"tag-album","10":"tag-concert","11":"tag-culture","12":"tag-divertissement","13":"tag-entertainment","14":"tag-fr","15":"tag-france","16":"tag-greys-anatomy","17":"tag-mots","18":"tag-music","19":"tag-musique","20":"tag-people","21":"tag-record","22":"tag-spotify","23":"tag-streaming","24":"tag-the-walking-dead","25":"tag-zenith"},"share_on_mastodon":{"url":"https:\/\/pubeurope.com\/@fr\/115264299031671398","error":""},"_links":{"self":[{"href":"https:\/\/www.europesays.com\/fr\/wp-json\/wp\/v2\/posts\/416179","targetHints":{"allow":["GET"]}}],"collection":[{"href":"https:\/\/www.europesays.com\/fr\/wp-json\/wp\/v2\/posts"}],"about":[{"href":"https:\/\/www.europesays.com\/fr\/wp-json\/wp\/v2\/types\/post"}],"author":[{"embeddable":true,"href":"https:\/\/www.europesays.com\/fr\/wp-json\/wp\/v2\/users\/2"}],"replies":[{"embeddable":true,"href":"https:\/\/www.europesays.com\/fr\/wp-json\/wp\/v2\/comments?post=416179"}],"version-history":[{"count":0,"href":"https:\/\/www.europesays.com\/fr\/wp-json\/wp\/v2\/posts\/416179\/revisions"}],"wp:featuredmedia":[{"embeddable":true,"href":"https:\/\/www.europesays.com\/fr\/wp-json\/wp\/v2\/media\/416180"}],"wp:attachment":[{"href":"https:\/\/www.europesays.com\/fr\/wp-json\/wp\/v2\/media?parent=416179"}],"wp:term":[{"taxonomy":"category","embeddable":true,"href":"https:\/\/www.europesays.com\/fr\/wp-json\/wp\/v2\/categories?post=416179"},{"taxonomy":"post_tag","embeddable":true,"href":"https:\/\/www.europesays.com\/fr\/wp-json\/wp\/v2\/tags?post=416179"}],"curies":[{"name":"wp","href":"https:\/\/api.w.org\/{rel}","templated":true}]}}