{"id":416193,"date":"2025-09-25T09:52:11","date_gmt":"2025-09-25T09:52:11","guid":{"rendered":"https:\/\/www.europesays.com\/fr\/416193\/"},"modified":"2025-09-25T09:52:11","modified_gmt":"2025-09-25T09:52:11","slug":"prive-de-visa-par-les-americains-mahmoud-abbas-attendu-en-video-a-lonu-actualites","status":"publish","type":"post","link":"https:\/\/www.europesays.com\/fr\/416193\/","title":{"rendered":"Priv\u00e9 de visa par les Am\u00e9ricains, Mahmoud Abbas attendu en vid\u00e9o \u00e0 l&rsquo;ONU : Actualit\u00e9s"},"content":{"rendered":"<p class=\"lead \">Apr\u00e8s une nouvelle vague de reconnaissance de l&rsquo;Etat de Palestine, le pr\u00e9sident palestinien Mahmoud Abbas s&rsquo;exprimera jeudi devant l&rsquo;ONU par vid\u00e9o, emp\u00each\u00e9 de se rendre \u00e0 New York par l&rsquo;administration Trump.<\/p>\n<p class=\"lead \">Les Etats-Unis ont refus\u00e9 d&rsquo;accorder des visas \u00e0 quelque 80 Palestiniens qui pr\u00e9voyaient d&rsquo;aller \u00e0 l&rsquo;Assembl\u00e9e g\u00e9n\u00e9rale annuelle de l&rsquo;ONU, dont celui du dirigeant palestinien.<\/p>\n<p class=\"lead \">Align\u00e9es sur Isra\u00ebl, les autorit\u00e9s am\u00e9ricaines refusent \u00e0 l&rsquo;Autorit\u00e9 palestinienne le statut d&rsquo;interlocuteur privil\u00e9gi\u00e9 apr\u00e8s pr\u00e8s de deux ans de guerre \u00e0 Gaza. Elles arguent que celle-ci a refus\u00e9 de \u00ab\u00a0r\u00e9pudier le terrorisme\u00a0\u00bb et \u00ab\u00a0les campagnes de gu\u00e9rilla judiciaire\u00a0\u00bb contre Isra\u00ebl devant les institutions internationales.<\/p>\n<p class=\"lead \">Plusieurs pays, dont la France et le Royaume-Uni, ont tent\u00e9 de convaincre Washington de r\u00e9examiner leur interdiction de visa pour le dirigeant palestinien de 89 ans, en vain.<\/p>\n<p class=\"lead \">En 1988, Yasser Arafat, alors chef de l&rsquo;Organisation de lib\u00e9ration de la Palestine (OLP), s&rsquo;\u00e9tait \u00e9galement vu refuser de se rendre \u00e0 New York pour une session sp\u00e9ciale de l&rsquo;Assembl\u00e9e g\u00e9n\u00e9rale de l&rsquo;ONU, obligeant l&rsquo;institution \u00e0 la tenir \u00e0 Gen\u00e8ve.<\/p>\n<p class=\"lead \"> Plusieurs pays arabes et occidentaux voudraient voir l&rsquo;Autorit\u00e9 palestinienne, tr\u00e8s affaiblie, jouer un r\u00f4le dans la gouvernance de la bande de Gaza apr\u00e8s la guerre d\u00e9clench\u00e9e par l&rsquo;attaque sans pr\u00e9c\u00e9dent du Hamas contre Isra\u00ebl, le 7 octobre 2023.<\/p>\n<p class=\"lead \">Mahmoud Abbas sera entendu dans une vid\u00e9o pr\u00e9enregistr\u00e9e. C&rsquo;est par vid\u00e9o d\u00e9j\u00e0 qu&rsquo;il s&rsquo;\u00e9tait exprim\u00e9 lundi \u00e0 l&rsquo;ONU, appelant notamment le Hamas \u00e0 rendre les armes et condamnant les attaques du 7-Octobre.<\/p>\n<p class=\"lead \">Lors de ce sommet, plusieurs pays occidentaux, dont le Canada, le Royaume-Uni, l&rsquo;Australie et la France, ont rejoint la grande majorit\u00e9 des Etats membres de l&rsquo;ONU reconnaissant l&rsquo;Etat de Palestine (au moins 151 sur 193, selon les v\u00e9rifications de l&rsquo;AFP).<\/p>\n<p class=\"lead \">&#8211; Nouveau plan de Trump &#8211;<\/p>\n<p class=\"lead \">Historique par son \u00e9lan, ce mouvement n&rsquo;a pour autant qu&rsquo;une port\u00e9e symbolique. Le Premier ministre Benjamin Netanyahu, qui s&rsquo;exprimera vendredi devant l&rsquo;Assembl\u00e9e g\u00e9n\u00e9rale, a qualifi\u00e9 ces reconnaissances de \u00ab\u00a0soumission honteuse au terrorisme palestinien\u00a0\u00bb qui \u00ab\u00a0n&rsquo;obligent en rien Isra\u00ebl\u00a0\u00bb.<\/p>\n<p class=\"lead \">\u00ab\u00a0Il n&rsquo;y aura pas d&rsquo;Etat palestinien\u00a0\u00bb, a-t-il tranch\u00e9.<\/p>\n<p class=\"lead \">Vendredi, \u00ab\u00a0je d\u00e9noncerai ces dirigeants qui, au lieu de condamner les meurtriers, les violeurs, les br\u00fbleurs d&rsquo;enfants, veulent leur accorder un Etat au coeur de la Terre d&rsquo;Isra\u00ebl\u00a0\u00bb, a ajout\u00e9 le Premier ministre \u00e0 l&rsquo;a\u00e9roport Ben Gourion avant son d\u00e9part pour New York, selon un communiqu\u00e9 de son bureau.<\/p>\n<p class=\"lead \">Le chef du gouvernement isra\u00e9lien est lui-m\u00eame vis\u00e9 depuis novembre 2024 par un mandat d&rsquo;arr\u00eat de la Cour P\u00e9nale Internationale pour crimes de guerre et crimes contre l&rsquo;humanit\u00e9 dans la bande de Gaza.<\/p>\n<p class=\"lead \">Mercredi, l&rsquo;\u00e9missaire am\u00e9ricain Steve Witkoff a fait \u00e9tat d&rsquo;un nouveau \u00ab\u00a0plan en 21 points pour la paix au Moyen-Orient et \u00e0 Gaza\u00a0\u00bb, pr\u00e9sent\u00e9 la veille par Donald Trump \u00e0 plusieurs pays arabes et musulmans lors d&rsquo;une r\u00e9union.<\/p>\n<p class=\"lead \">\u00ab\u00a0Nous sommes pleins d&rsquo;espoir, et je dirais m\u00eame confiants, que dans les jours \u00e0 venir nous serons en mesure d&rsquo;annoncer une sorte de perc\u00e9e\u00a0\u00bb, a-t-il assur\u00e9.<\/p>\n<p class=\"lead \">Donald Trump souhaite \u00ab\u00a0mettre rapidement un terme\u00a0\u00bb au conflit, a d\u00e9clar\u00e9 un responsable de la Maison Blanche \u00e0 l&rsquo;AFP, ajoutant que les pays pr\u00e9sents \u00e0 la r\u00e9union \u00ab\u00a0avaient exprim\u00e9 leur espoir de travailler\u00a0\u00bb avec Steve Witkoff pour \u00e9tudier le projet.<\/p>\n<p class=\"lead \">Apr\u00e8s bient\u00f4t deux ans de guerre contre le Hamas, l&rsquo;arm\u00e9e isra\u00e9lienne a lanc\u00e9 le 16 septembre une importante offensive a\u00e9rienne et terrestre sur la ville de Gaza, le plus grand centre urbain de ce territoire, afin d&rsquo;y \u00e9liminer ce qu&rsquo;elle pr\u00e9sente comme le dernier grand bastion du mouvement islamiste Hamas.<\/p>\n<p class=\"lead \">Jeudi, le si\u00e8ge de l&rsquo;ONU accueillera \u00e9galement une r\u00e9union sur l&rsquo;avenir de l&rsquo;agence onusienne pour les r\u00e9fugi\u00e9s palestiniens (Unrwa), accus\u00e9e par Isra\u00ebl de complicit\u00e9s avec le Hamas.<\/p>\n<p class=\"lead \">\u00ab\u00a0Depuis 75 ans, l&rsquo;Unrwa a apport\u00e9 une \u00e9ducation de base et gratuite \u00e0 des millions de Palestiniens r\u00e9fugi\u00e9s dans la r\u00e9gion. Elle a des plans, la capacit\u00e9 d&rsquo;accompagner un retour progressif \u00e0 l&rsquo;\u00e9ducation dans Gaza, quand un cessez-le-feu sera d\u00e9cr\u00e9t\u00e9\u00a0\u00bb, a d\u00e9clar\u00e9 mercredi son pr\u00e9sident Philippe Lazzarini.<\/p>\n<p class=\"small font-weight-bold text-gray3 \"> publi\u00e9 le 25 septembre \u00e0 10h34, AFP<\/p>\n<p>                             Partager<\/p>\n","protected":false},"excerpt":{"rendered":"Apr\u00e8s une nouvelle vague de reconnaissance de l&rsquo;Etat de Palestine, le pr\u00e9sident palestinien Mahmoud Abbas s&rsquo;exprimera jeudi devant&hellip;\n","protected":false},"author":2,"featured_media":416194,"comment_status":"","ping_status":"","sticky":false,"template":"","format":"standard","meta":{"footnotes":""},"categories":[5],"tags":[11,2120,312,1011,27,14,3819,12,3521,7621,308,28],"class_list":{"0":"post-416193","1":"post","2":"type-post","3":"status-publish","4":"format-standard","5":"has-post-thumbnail","7":"category-international","8":"tag-actualites","9":"tag-conflit","10":"tag-diplomatie","11":"tag-fr","12":"tag-france","13":"tag-international","14":"tag-isral","15":"tag-news","16":"tag-onu","17":"tag-palestiniens","18":"tag-usa","19":"tag-world"},"share_on_mastodon":{"url":"https:\/\/pubeurope.com\/@fr\/115264326597599041","error":""},"_links":{"self":[{"href":"https:\/\/www.europesays.com\/fr\/wp-json\/wp\/v2\/posts\/416193","targetHints":{"allow":["GET"]}}],"collection":[{"href":"https:\/\/www.europesays.com\/fr\/wp-json\/wp\/v2\/posts"}],"about":[{"href":"https:\/\/www.europesays.com\/fr\/wp-json\/wp\/v2\/types\/post"}],"author":[{"embeddable":true,"href":"https:\/\/www.europesays.com\/fr\/wp-json\/wp\/v2\/users\/2"}],"replies":[{"embeddable":true,"href":"https:\/\/www.europesays.com\/fr\/wp-json\/wp\/v2\/comments?post=416193"}],"version-history":[{"count":0,"href":"https:\/\/www.europesays.com\/fr\/wp-json\/wp\/v2\/posts\/416193\/revisions"}],"wp:featuredmedia":[{"embeddable":true,"href":"https:\/\/www.europesays.com\/fr\/wp-json\/wp\/v2\/media\/416194"}],"wp:attachment":[{"href":"https:\/\/www.europesays.com\/fr\/wp-json\/wp\/v2\/media?parent=416193"}],"wp:term":[{"taxonomy":"category","embeddable":true,"href":"https:\/\/www.europesays.com\/fr\/wp-json\/wp\/v2\/categories?post=416193"},{"taxonomy":"post_tag","embeddable":true,"href":"https:\/\/www.europesays.com\/fr\/wp-json\/wp\/v2\/tags?post=416193"}],"curies":[{"name":"wp","href":"https:\/\/api.w.org\/{rel}","templated":true}]}}