{"id":416197,"date":"2025-09-25T09:54:12","date_gmt":"2025-09-25T09:54:12","guid":{"rendered":"https:\/\/www.europesays.com\/fr\/416197\/"},"modified":"2025-09-25T09:54:12","modified_gmt":"2025-09-25T09:54:12","slug":"en-direct-proces-sarkozy-kadhafi-lancien-president-reconnu-coupable-dassociation-de-malfaiteurs","status":"publish","type":"post","link":"https:\/\/www.europesays.com\/fr\/416197\/","title":{"rendered":"EN DIRECT &#8211; Proc\u00e8s Sarkozy-Kadhafi : l&rsquo;ancien pr\u00e9sident reconnu coupable d&rsquo;association de malfaiteurs"},"content":{"rendered":"<p>                \u00ab\u00a0un moment historique\u00a0\u00bb<\/p>\n<p>\u00ab\u00a0Nous sommes \u00e0 l&rsquo;aube d&rsquo;un moment qui est un moment historique \u00e0 la fois pour l&rsquo;histoire de notre pays et pour l&rsquo;histoire judiciaire\u00a0\u00bb, a confi\u00e9 Me Vincent Brengarth, l&rsquo;avocat de Sherpa, association de lutte contre la corruption et partie civile, au micro de RTL.\u00a0<\/p>\n<p>\u00ab\u00a0Il y a quelques ann\u00e9es, c&rsquo;\u00e9tait impensable qu&rsquo;un ancien pr\u00e9sident de la R\u00e9publique et d&rsquo;anciens ministres soient confront\u00e9s \u00e0 la justice p\u00e9nale. \u00c7a a \u00e9t\u00e9 rendu possible parce que nous avons une justice qui fonctionne et d\u00e9sormais, nous attendons, du c\u00f4t\u00e9 de Sherpa, une affirmation d&rsquo;ind\u00e9pendance dans un dossier qui est d&rsquo;une extraordinaire gravit\u00e9\u00a0\u00bb.<\/p>\n<p>Partager<\/p>\n","protected":false},"excerpt":{"rendered":"\u00ab\u00a0un moment historique\u00a0\u00bb \u00ab\u00a0Nous sommes \u00e0 l&rsquo;aube d&rsquo;un moment qui est un moment historique \u00e0 la fois pour&hellip;\n","protected":false},"author":2,"featured_media":416198,"comment_status":"","ping_status":"","sticky":false,"template":"","format":"standard","meta":{"footnotes":""},"categories":[2],"tags":[11,898,8165,8166,54630,107,1011,27,303,4367,8168,12,3091,2694],"class_list":{"0":"post-416197","1":"post","2":"type-post","3":"status-publish","4":"format-standard","5":"has-post-thumbnail","7":"category-actualites","8":"tag-actualites","9":"tag-alerte","10":"tag-brice-hortefeux","11":"tag-claude-gueant","12":"tag-eric-woerth","13":"tag-fil-info","14":"tag-fr","15":"tag-france","16":"tag-justice","17":"tag-libye","18":"tag-mouammar-kadhafi","19":"tag-news","20":"tag-nicolas-sarkozy","21":"tag-proces"},"share_on_mastodon":{"url":"https:\/\/pubeurope.com\/@fr\/115264334408076583","error":""},"_links":{"self":[{"href":"https:\/\/www.europesays.com\/fr\/wp-json\/wp\/v2\/posts\/416197","targetHints":{"allow":["GET"]}}],"collection":[{"href":"https:\/\/www.europesays.com\/fr\/wp-json\/wp\/v2\/posts"}],"about":[{"href":"https:\/\/www.europesays.com\/fr\/wp-json\/wp\/v2\/types\/post"}],"author":[{"embeddable":true,"href":"https:\/\/www.europesays.com\/fr\/wp-json\/wp\/v2\/users\/2"}],"replies":[{"embeddable":true,"href":"https:\/\/www.europesays.com\/fr\/wp-json\/wp\/v2\/comments?post=416197"}],"version-history":[{"count":0,"href":"https:\/\/www.europesays.com\/fr\/wp-json\/wp\/v2\/posts\/416197\/revisions"}],"wp:featuredmedia":[{"embeddable":true,"href":"https:\/\/www.europesays.com\/fr\/wp-json\/wp\/v2\/media\/416198"}],"wp:attachment":[{"href":"https:\/\/www.europesays.com\/fr\/wp-json\/wp\/v2\/media?parent=416197"}],"wp:term":[{"taxonomy":"category","embeddable":true,"href":"https:\/\/www.europesays.com\/fr\/wp-json\/wp\/v2\/categories?post=416197"},{"taxonomy":"post_tag","embeddable":true,"href":"https:\/\/www.europesays.com\/fr\/wp-json\/wp\/v2\/tags?post=416197"}],"curies":[{"name":"wp","href":"https:\/\/api.w.org\/{rel}","templated":true}]}}