{"id":416199,"date":"2025-09-25T09:55:10","date_gmt":"2025-09-25T09:55:10","guid":{"rendered":"https:\/\/www.europesays.com\/fr\/416199\/"},"modified":"2025-09-25T09:55:10","modified_gmt":"2025-09-25T09:55:10","slug":"un-accident-cree-la-pagaille","status":"publish","type":"post","link":"https:\/\/www.europesays.com\/fr\/416199\/","title":{"rendered":"un accident cr\u00e9\u00e9 la pagaille"},"content":{"rendered":"<p>            Par<br \/>\n        <strong><br \/>\n            <a href=\"https:\/\/actu.fr\/auteur\/mathias-souteyrat\" title=\"Consulter tous les articles de Mathias Souteyrat\" target=\"_blank\" rel=\"noopener\">Mathias Souteyrat<\/a><br \/>\n        <\/strong><\/p>\n<p>        Publi\u00e9 le<\/p>\n<p>            25 sept. 2025 \u00e0 10h55        <\/p>\n<p>Il \u00e9tait peu apr\u00e8s 8\u00a0heures, ce jeudi 25\u00a0septembre, quand les secours de la Loire sont intervenus pour un accident de la circulation avec trois voitures sur l\u2019<a href=\"https:\/\/actu.fr\/tag\/autoroute-72-a72\" target=\"_blank\" rel=\"noopener\">autoroute A72<\/a>, vers <a href=\"https:\/\/actu.fr\/saint-etienne\/\" target=\"_blank\" rel=\"noopener\">Saint-\u00c9tienne<\/a>.<\/p>\n<p class=\" wall-content\">Les automobilistes ont not\u00e9 \u00ab\u2009d\u2019\u00e9norme bouchon en direction de Saint-Etienne\u2009\u00bb.<\/p>\n<p>La conductrice de 25\u00a0ans bless\u00e9e<\/p>\n<p class=\" wall-content\">La conductrice d\u2019un des v\u00e9hicules, une femme \u00e2g\u00e9e de 25\u00a0ans, a \u00e9t\u00e9 l\u00e9g\u00e8rement bless\u00e9e. La victime a \u00e9t\u00e9 transport\u00e9e vers la clinique du Parc.<\/p>\n<p class=\" wall-content\">Les deux autres conducteurs \u00e2g\u00e9s de 60 et 44\u00a0ans sont indemnes et laiss\u00e9s sur place. La voie de gauche a \u00e9t\u00e9 neutralis\u00e9e le temps de l\u2019intervention.<\/p>\n<p>Un autre accident \u00e0 Sorbiers<\/p>\n<p class=\" wall-content\">Peu apr\u00e8s, vers 8h30, un autre accident s\u2019est produit \u00e0 Sorbiers, sur la M1498, route de Saint-Chamond.<\/p>\n<p class=\" wall-content\">Les sapeurs-pompiers sont intervenus pour un accident de la circulation impliquant un v\u00e9hicule l\u00e9ger qui a gliss\u00e9 sur le bas-c\u00f4t\u00e9. La voiture est venue <strong>percuter une buse en b\u00e9ton dans le foss\u00e9.<\/strong><\/p>\n<p class=\" wall-content\">Un poteau t\u00e9l\u00e9phonique et fibre Internet ont \u00e9galement subi des d\u00e9g\u00e2ts. Le conducteur est indemne. La circulation s\u2019est effectu\u00e9e sur une voie le temps de l\u2019intervention.<\/p>\n<p class=\" wall-content\">Personnalisez votre actualit\u00e9 en ajoutant vos villes et m\u00e9dias en favori avec <a href=\"https:\/\/moncompte.actu.fr\" title=\"D\u00e9couvez Mon Actu\" rel=\"nofollow noopener\" data-trk=\"{&quot;cta&quot;:{&quot;action&quot;:&quot;https:\\\/\\\/moncompte.actu.fr&quot;,&quot;category&quot;:&quot;mon compte&quot;,&quot;from&quot;:&quot;article footer&quot;,&quot;name&quot;:&quot;Mon actu&quot;,&quot;type&quot;:&quot;cta&quot;}}\" target=\"_blank\">Mon Actu<\/a>.<\/p>\n","protected":false},"excerpt":{"rendered":"Par Mathias Souteyrat Publi\u00e9 le 25 sept. 2025 \u00e0 10h55 Il \u00e9tait peu apr\u00e8s 8\u00a0heures, ce jeudi 25\u00a0septembre,&hellip;\n","protected":false},"author":2,"featured_media":379068,"comment_status":"","ping_status":"","sticky":false,"template":"","format":"standard","meta":{"footnotes":""},"categories":[9653],"tags":[119,1111,11,18457,2430,1777,674,118,1011,27,12,1311,25,4001],"class_list":{"0":"post-416199","1":"post","2":"type-post","3":"status-publish","4":"format-standard","5":"has-post-thumbnail","7":"category-saint-etienne","8":"tag-accident","9":"tag-actu","10":"tag-actualites","11":"tag-autoroute-72-a72","12":"tag-auvergne-rhone-alpes","13":"tag-eu","14":"tag-europe","15":"tag-faits-divers","16":"tag-fr","17":"tag-france","18":"tag-news","19":"tag-pompiers","20":"tag-republique-francaise","21":"tag-saint-etienne"},"share_on_mastodon":{"url":"https:\/\/pubeurope.com\/@fr\/115264338299395755","error":""},"_links":{"self":[{"href":"https:\/\/www.europesays.com\/fr\/wp-json\/wp\/v2\/posts\/416199","targetHints":{"allow":["GET"]}}],"collection":[{"href":"https:\/\/www.europesays.com\/fr\/wp-json\/wp\/v2\/posts"}],"about":[{"href":"https:\/\/www.europesays.com\/fr\/wp-json\/wp\/v2\/types\/post"}],"author":[{"embeddable":true,"href":"https:\/\/www.europesays.com\/fr\/wp-json\/wp\/v2\/users\/2"}],"replies":[{"embeddable":true,"href":"https:\/\/www.europesays.com\/fr\/wp-json\/wp\/v2\/comments?post=416199"}],"version-history":[{"count":0,"href":"https:\/\/www.europesays.com\/fr\/wp-json\/wp\/v2\/posts\/416199\/revisions"}],"wp:featuredmedia":[{"embeddable":true,"href":"https:\/\/www.europesays.com\/fr\/wp-json\/wp\/v2\/media\/379068"}],"wp:attachment":[{"href":"https:\/\/www.europesays.com\/fr\/wp-json\/wp\/v2\/media?parent=416199"}],"wp:term":[{"taxonomy":"category","embeddable":true,"href":"https:\/\/www.europesays.com\/fr\/wp-json\/wp\/v2\/categories?post=416199"},{"taxonomy":"post_tag","embeddable":true,"href":"https:\/\/www.europesays.com\/fr\/wp-json\/wp\/v2\/tags?post=416199"}],"curies":[{"name":"wp","href":"https:\/\/api.w.org\/{rel}","templated":true}]}}