{"id":41620,"date":"2025-04-21T13:43:09","date_gmt":"2025-04-21T13:43:09","guid":{"rendered":"https:\/\/www.europesays.com\/fr\/41620\/"},"modified":"2025-04-21T13:43:09","modified_gmt":"2025-04-21T13:43:09","slug":"rixe-au-restaurant-blocage-de-la-rn12-entre-ultras-lensois-et-brestois-un-episode-de-tension-que-personne-navait-vu-venir","status":"publish","type":"post","link":"https:\/\/www.europesays.com\/fr\/41620\/","title":{"rendered":"Rixe au restaurant, blocage de la RN12\u00a0: entre ultras lensois et brestois, un \u00e9pisode de tension que personne n\u2019avait vu venir"},"content":{"rendered":"<p>1 Miracle sur la quatre voies<\/p>\n<p>Apr\u00e8s <a href=\"https:\/\/www.letelegramme.fr\/finistere\/brest-29200\/on-a-eu-tres-peur-une-rixe-entre-supporters-fait-trois-blesses-au-moulin-blanc-avant-le-match-brest-lens-6802311.php\" target=\"_blank\" rel=\"noopener\">l\u2019agression dont ont \u00e9t\u00e9 victimes des supporters b<\/a><br \/><a href=\"https:\/\/www.letelegramme.fr\/finistere\/brest-29200\/on-a-eu-tres-peur-une-rixe-entre-supporters-fait-trois-blesses-au-moulin-blanc-avant-le-match-brest-lens-6802311.php\" target=\"_blank\" rel=\"noopener\">restois<\/a> qui d\u00e9jeunaient tranquillement, dimanche midi, au restaurant La Paillotte, au Moulin-Blanc, avant de se rendre ensuite au stade Francis-Le Bl\u00e9 pour assister au match de Ligue 1 de football entre le Stade Brestois et Lens, la tension n\u2019est pas retomb\u00e9e pendant la rencontre (d\u00e9cision arbitrale controvers\u00e9e), et particuli\u00e8rement \u00e0 son issue, au retour des Nordistes.<\/p>\n<p>Peu apr\u00e8s 20\u00a0h, un ensemble de v\u00e9hicules et plusieurs dizaines d\u2019ultras brestois ont bloqu\u00e9 la RN12 en direction de Morlaix, au niveau de l\u2019entreprise Le Saint, \u00e0 Guipavas, dans l\u2019objectif d\u2019emp\u00eacher les supporters lensois de rentrer chez eux. C\u2019est un miracle qu\u2019il n\u2019y ait pas eu d\u2019accident en ce dimanche fr\u00e9quent\u00e9 de P\u00e2ques. Pas de pi\u00e9ton fauch\u00e9, pas de carambolage ni d\u2019accident avec certaines voitures qui ont rebrouss\u00e9 chemin, leurs occupants craignant les affrontements. Au moins deux v\u00e9hicules lensois ont \u00e9t\u00e9 touch\u00e9s par des jets de projectiles, sans faire de bless\u00e9s.<\/p>\n<p><img decoding=\"async\" src=\"https:\/\/www.europesays.com\/fr\/wp-content\/uploads\/2025\/04\/680644114d7bdf37b80825be.1.jpeg\" width=\"480\" height=\"300\" class=\"web_golden_m\" loading=\"lazy\" alt=\"En s\u2019introduisant sur la RN12, les supporters brestois ont cr\u00e9\u00e9 une belle pagaille parmi les automobilistes.\"\/>En s\u2019introduisant sur la RN12, les supporters brestois ont cr\u00e9\u00e9 une belle pagaille parmi les automobilistes. (Photo Lionel Le Saux\/Le T\u00e9l\u00e9gramme)2 Quelles suites judiciaires\u00a0?<\/p>\n<p>Aucun des agresseurs lensois, pr\u00e9sum\u00e9s \u00eatre \u00e0 l\u2019origine de la rixe de dimanche midi, n\u2019a \u00e9t\u00e9 interpell\u00e9. Les forces de l\u2019ordre ont confirm\u00e9 qu\u2019une enqu\u00eate \u00e9tait bien ouverte pour les faits de d\u00e9gradation sur le restaurant du Moulin-Blanc, sans qu\u2019aucun fauteur de troubles n\u2019ait \u00e9t\u00e9 arr\u00eat\u00e9. Sur une vid\u00e9o qui circule sur les r\u00e9seaux, on voit que les supporters brestois \u00e9vitent l\u2019entr\u00e9e des assaillants.<\/p>\n<p>\u00c0 l\u2019issue du match, sur la RN12, la neutralisation de la voie rapide a mobilis\u00e9 policiers et gendarmes \u00e0 la s\u00e9curisation des personnes. Aucune verbalisation n\u2019a \u00e9t\u00e9 prononc\u00e9e, \u00e0 ce stade, apr\u00e8s ce blocage routier effectu\u00e9 par des personnes au visage dissimul\u00e9. Une enqu\u00eate pourrait \u00e9galement \u00eatre ouverte pour attroupement en r\u00e9union sur la voie publique et ce blocage in\u00e9dit de la RN12.<\/p>\n<p><img decoding=\"async\" src=\"https:\/\/www.europesays.com\/fr\/wp-content\/uploads\/2025\/04\/68064411791072d2770b33b0.1.jpeg\" width=\"480\" height=\"300\" class=\"web_golden_m\" loading=\"lazy\" alt=\"Un minibus de supporters lensois s\u2019est retrouv\u00e9 \u00e0 l\u2019arr\u00eat sur la RN12 apr\u00e8s le blocage des ultras brestois.\"\/>Un minibus de supporters lensois s\u2019est retrouv\u00e9 \u00e0 l\u2019arr\u00eat sur la RN12 apr\u00e8s le blocage des ultras brestois. (Photo Lionel Le Saux\/Le T\u00e9l\u00e9gramme)3 Mont\u00e9e de tensions in\u00e9dites entre ultras lensois et brestois<\/p>\n<p>Aucune tension de ce genre n\u2019avait jusqu\u2019alors \u00e9clat\u00e9 entre ultras des deux clubs. L\u2019ambiance entre supporters lensois et brestois a toujours \u00e9t\u00e9 plut\u00f4t cordiale dans les rues de Brest. Cette mont\u00e9e de violence est visiblement le fait d\u2019une cinquantaine d\u2019ultras lensois venus en d\u00e9coudre avec une poign\u00e9e de supporters brestois qui d\u00e9jeunaient en famille avant le match. Trois bless\u00e9s ont \u00e9t\u00e9 recens\u00e9s.<\/p>\n<p>Alors, pourquoi cette subite explosion de violence\u00a0? Difficile d\u2019y r\u00e9pondre. D\u2019autant que le groupe des ultras brestois, que nous avons contact\u00e9, n\u2019a pas donn\u00e9 suite \u00e0 nos demandes d\u2019explications.<\/p>\n","protected":false},"excerpt":{"rendered":"1 Miracle sur la quatre voies Apr\u00e8s l\u2019agression dont ont \u00e9t\u00e9 victimes des supporters brestois qui d\u00e9jeunaient tranquillement,&hellip;\n","protected":false},"author":2,"featured_media":41621,"comment_status":"","ping_status":"","sticky":false,"template":"","format":"standard","meta":{"footnotes":""},"categories":[2],"tags":[11,3450,3321,1011,27,4555,12,25],"class_list":{"0":"post-41620","1":"post","2":"type-post","3":"status-publish","4":"format-standard","5":"has-post-thumbnail","7":"category-actualites","8":"tag-actualites","9":"tag-brest","10":"tag-finistere","11":"tag-fr","12":"tag-france","13":"tag-local","14":"tag-news","15":"tag-republique-francaise"},"share_on_mastodon":{"url":"https:\/\/pubeurope.com\/@fr\/114376252336469755","error":""},"_links":{"self":[{"href":"https:\/\/www.europesays.com\/fr\/wp-json\/wp\/v2\/posts\/41620","targetHints":{"allow":["GET"]}}],"collection":[{"href":"https:\/\/www.europesays.com\/fr\/wp-json\/wp\/v2\/posts"}],"about":[{"href":"https:\/\/www.europesays.com\/fr\/wp-json\/wp\/v2\/types\/post"}],"author":[{"embeddable":true,"href":"https:\/\/www.europesays.com\/fr\/wp-json\/wp\/v2\/users\/2"}],"replies":[{"embeddable":true,"href":"https:\/\/www.europesays.com\/fr\/wp-json\/wp\/v2\/comments?post=41620"}],"version-history":[{"count":0,"href":"https:\/\/www.europesays.com\/fr\/wp-json\/wp\/v2\/posts\/41620\/revisions"}],"wp:featuredmedia":[{"embeddable":true,"href":"https:\/\/www.europesays.com\/fr\/wp-json\/wp\/v2\/media\/41621"}],"wp:attachment":[{"href":"https:\/\/www.europesays.com\/fr\/wp-json\/wp\/v2\/media?parent=41620"}],"wp:term":[{"taxonomy":"category","embeddable":true,"href":"https:\/\/www.europesays.com\/fr\/wp-json\/wp\/v2\/categories?post=41620"},{"taxonomy":"post_tag","embeddable":true,"href":"https:\/\/www.europesays.com\/fr\/wp-json\/wp\/v2\/tags?post=41620"}],"curies":[{"name":"wp","href":"https:\/\/api.w.org\/{rel}","templated":true}]}}