{"id":416200,"date":"2025-09-25T09:56:10","date_gmt":"2025-09-25T09:56:10","guid":{"rendered":"https:\/\/www.europesays.com\/fr\/416200\/"},"modified":"2025-09-25T09:56:10","modified_gmt":"2025-09-25T09:56:10","slug":"il-ment-le-president-de-france-lettonie-conteste-la-version-de-rossary-lenglet","status":"publish","type":"post","link":"https:\/\/www.europesays.com\/fr\/416200\/","title":{"rendered":"\u00ab Il ment\u00bb, le pr\u00e9sident de France-Lettonie conteste la version de Rossary-Lenglet"},"content":{"rendered":"<p>Robert Giacomel d\u00e9crit son ann\u00e9e 2014 visiblement charg\u00e9e : \u00ab\u00a0C&rsquo;\u00e9tait ma derni\u00e8re ann\u00e9e d&rsquo;activit\u00e9. Je devais assurer ma profession d&rsquo;avocat et solder des dossiers qui tra\u00eenaient. C&rsquo;est une charge importante et j&rsquo;ai un probl\u00e8me personnel qui me demande de garder tr\u00e8s souvent mes petites-filles. \u00c0 cette p\u00e9riode, je ne suis pas physiquement l\u00e0 ni m\u00eame intellectuellement. \u00bb<\/p>\n<p>Il revient alors sur le r\u00f4le de Gilles Rossary-Lenglet : \u00ab Il est plus que pr\u00e9sent et s&rsquo;excuse m\u00eame s&rsquo;il est absent. \u00bb<br \/>\u00ab\u00a0Que fait-il\u202f?\u00a0\u00bb, interroge la pr\u00e9sidente.<br \/>\u00ab\u00a0Il organise les expositions, il est l\u00e0 quand on organise des tables rondes, il va d\u00e9marcher des entreprises, j&rsquo;ai plein d&rsquo;articles de presse\u00a0\u00bb, r\u00e9pond le pr\u00e9venu.<\/p>\n<p>Robert Giacomel explique que le magazine Stemp payait Gilles Rossary-Lenglet \u00e0 hauteur de 800 euros par mois. \u00ab\u00a0Il ne pouvait pas vivre avec \u00e7a. Je ne trouvais pas anormal de le d\u00e9frayer, comme pour les stagiaires qui restaient un peu longtemps au consulat\u00a0\u00bb, d\u00e9taille celui qui est poursuivi pour abus de confiance.<\/p>\n<p>\u00ab <strong>Je me suis senti profond\u00e9ment trahi<\/strong>, car c&rsquo;est vraiment quelqu&rsquo;un que j&rsquo;aimais bien \u00bb, lance Robert Giacomel \u00e0 propos de Gilles Rossary-Lenglet.<\/p>\n","protected":false},"excerpt":{"rendered":"Robert Giacomel d\u00e9crit son ann\u00e9e 2014 visiblement charg\u00e9e : \u00ab\u00a0C&rsquo;\u00e9tait ma derni\u00e8re ann\u00e9e d&rsquo;activit\u00e9. Je devais assurer ma&hellip;\n","protected":false},"author":2,"featured_media":416201,"comment_status":"","ping_status":"","sticky":false,"template":"","format":"standard","meta":{"footnotes":""},"categories":[9653],"tags":[1111,11,42797,2430,271,272,7539,1777,674,274,107,1011,27,3367,2428,12,316,25,2429,4001],"class_list":{"0":"post-416200","1":"post","2":"type-post","3":"status-publish","4":"format-standard","5":"has-post-thumbnail","7":"category-saint-etienne","8":"tag-actu","9":"tag-actualites","10":"tag-affaire-perdriau","11":"tag-auvergne-rhone-alpes","12":"tag-crime","13":"tag-delit-et-contravention","14":"tag-edition-loire-sud","15":"tag-eu","16":"tag-europe","17":"tag-faits-divers-justice","18":"tag-fil-info","19":"tag-fr","20":"tag-france","21":"tag-loire","22":"tag-lyon","23":"tag-news","24":"tag-politique","25":"tag-republique-francaise","26":"tag-rhone","27":"tag-saint-etienne"},"share_on_mastodon":{"url":"https:\/\/pubeurope.com\/@fr\/115264342235072848","error":""},"_links":{"self":[{"href":"https:\/\/www.europesays.com\/fr\/wp-json\/wp\/v2\/posts\/416200","targetHints":{"allow":["GET"]}}],"collection":[{"href":"https:\/\/www.europesays.com\/fr\/wp-json\/wp\/v2\/posts"}],"about":[{"href":"https:\/\/www.europesays.com\/fr\/wp-json\/wp\/v2\/types\/post"}],"author":[{"embeddable":true,"href":"https:\/\/www.europesays.com\/fr\/wp-json\/wp\/v2\/users\/2"}],"replies":[{"embeddable":true,"href":"https:\/\/www.europesays.com\/fr\/wp-json\/wp\/v2\/comments?post=416200"}],"version-history":[{"count":0,"href":"https:\/\/www.europesays.com\/fr\/wp-json\/wp\/v2\/posts\/416200\/revisions"}],"wp:featuredmedia":[{"embeddable":true,"href":"https:\/\/www.europesays.com\/fr\/wp-json\/wp\/v2\/media\/416201"}],"wp:attachment":[{"href":"https:\/\/www.europesays.com\/fr\/wp-json\/wp\/v2\/media?parent=416200"}],"wp:term":[{"taxonomy":"category","embeddable":true,"href":"https:\/\/www.europesays.com\/fr\/wp-json\/wp\/v2\/categories?post=416200"},{"taxonomy":"post_tag","embeddable":true,"href":"https:\/\/www.europesays.com\/fr\/wp-json\/wp\/v2\/tags?post=416200"}],"curies":[{"name":"wp","href":"https:\/\/api.w.org\/{rel}","templated":true}]}}