{"id":416204,"date":"2025-09-25T09:58:16","date_gmt":"2025-09-25T09:58:16","guid":{"rendered":"https:\/\/www.europesays.com\/fr\/416204\/"},"modified":"2025-09-25T09:58:16","modified_gmt":"2025-09-25T09:58:16","slug":"vote-as-nancy-lorraine-reims-quel-est-votre-pronostic","status":"publish","type":"post","link":"https:\/\/www.europesays.com\/fr\/416204\/","title":{"rendered":"Vote. AS Nancy Lorraine &#8211; Reims : quel est votre pronostic ?"},"content":{"rendered":"<p>Apr\u00e8s sa belle victoire face \u00e0 Annecy, l&rsquo;ASNL en termine avec sa semaine \u00e0 trois matches par la r\u00e9ception du r\u00e9l\u00e9gu\u00e9 remois ce vendredi \u00e0 Picot. Encore un duel au sommet pour les joueurs de Pablo Correa. Le dernier \u00e0 huis clos. Quel est votre \u00ab\u00a0prono\u00a0\u00bb ? <\/p>\n<p>&#13;<br \/>\n              L&rsquo;Est R\u00e9publicain  &#8211; &#13;<br \/>\n        &#13;<br \/>\n          Aujourd&rsquo;hui \u00e0 07:00&#13;<br \/>\n    &#13;<br \/>\n                  | mis \u00e0 jour aujourd&rsquo;hui \u00e0 09:03&#13;<br \/>\n              &#8211; Temps de lecture : &#13;<br \/>\n  &#13;\n<\/p>\n<p>                        &#13;<br \/>\n    &#13;<br \/>\n    &#13;<br \/>\n    <a href=\"https:\/\/cdn-s-www.estrepublicain.fr\/images\/5DA0C8E6-3B41-4856-9DFF-A415A16087B2\/NW_raw\/quel-est-votre-pronostic-1757516866.jpg\" title=\"Quel est votre pronostic \u00a0?\" class=\"chocolat-image GA-tracking\" data-ga_type=\"click\" data-ga_category=\"D\u00e9tail\" data-ga_action=\"zoomer\" data-ga_label=\"aggrandir image\" target=\"_blank\" rel=\"noopener\">&#13;<br \/>\n        <img src=\"https:\/\/www.europesays.com\/fr\/wp-content\/uploads\/2025\/09\/quel-est-votre-pronostic-1757516866.jpg\"   alt=\"Quel est votre pronostic \u00a0?\" fetchpriority=\"high\" decoding=\"async\" data-mobile=\"NW_detail_M|1757516866\" data-base=\"NW_detail|1757516866\"\/>&#13;<br \/>\n    <\/a>&#13;<\/p>\n<p>Quel est votre pronostic \u00a0?<\/p>\n","protected":false},"excerpt":{"rendered":"Apr\u00e8s sa belle victoire face \u00e0 Annecy, l&rsquo;ASNL en termine avec sa semaine \u00e0 trois matches par la&hellip;\n","protected":false},"author":2,"featured_media":396737,"comment_status":"","ping_status":"","sticky":false,"template":"","format":"standard","meta":{"footnotes":""},"categories":[9635],"tags":[1111,11,3703,3602,1707,1704,1706,1705,10174,1777,674,107,1701,63,1011,27,775,1702,12,25,517,1700,10606],"class_list":{"0":"post-416204","1":"post","2":"type-post","3":"status-publish","4":"format-standard","5":"has-post-thumbnail","7":"category-nancy","8":"tag-actu","9":"tag-actualites","10":"tag-asnl","11":"tag-edition-bar-le-duc","12":"tag-edition-luneville","13":"tag-edition-nancy-et-agglomeration","14":"tag-edition-pont-a-mousson","15":"tag-edition-toul","16":"tag-edition-verdun","17":"tag-eu","18":"tag-europe","19":"tag-fil-info","20":"tag-fil-info-sport","21":"tag-football","22":"tag-fr","23":"tag-france","24":"tag-grand-est","25":"tag-nancy","26":"tag-news","27":"tag-republique-francaise","28":"tag-sport","29":"tag-sport-lorrain","30":"tag-vote-sport-lorrain"},"share_on_mastodon":{"url":"https:\/\/pubeurope.com\/@fr\/115264350814854273","error":""},"_links":{"self":[{"href":"https:\/\/www.europesays.com\/fr\/wp-json\/wp\/v2\/posts\/416204","targetHints":{"allow":["GET"]}}],"collection":[{"href":"https:\/\/www.europesays.com\/fr\/wp-json\/wp\/v2\/posts"}],"about":[{"href":"https:\/\/www.europesays.com\/fr\/wp-json\/wp\/v2\/types\/post"}],"author":[{"embeddable":true,"href":"https:\/\/www.europesays.com\/fr\/wp-json\/wp\/v2\/users\/2"}],"replies":[{"embeddable":true,"href":"https:\/\/www.europesays.com\/fr\/wp-json\/wp\/v2\/comments?post=416204"}],"version-history":[{"count":0,"href":"https:\/\/www.europesays.com\/fr\/wp-json\/wp\/v2\/posts\/416204\/revisions"}],"wp:featuredmedia":[{"embeddable":true,"href":"https:\/\/www.europesays.com\/fr\/wp-json\/wp\/v2\/media\/396737"}],"wp:attachment":[{"href":"https:\/\/www.europesays.com\/fr\/wp-json\/wp\/v2\/media?parent=416204"}],"wp:term":[{"taxonomy":"category","embeddable":true,"href":"https:\/\/www.europesays.com\/fr\/wp-json\/wp\/v2\/categories?post=416204"},{"taxonomy":"post_tag","embeddable":true,"href":"https:\/\/www.europesays.com\/fr\/wp-json\/wp\/v2\/tags?post=416204"}],"curies":[{"name":"wp","href":"https:\/\/api.w.org\/{rel}","templated":true}]}}