{"id":416213,"date":"2025-09-25T10:03:09","date_gmt":"2025-09-25T10:03:09","guid":{"rendered":"https:\/\/www.europesays.com\/fr\/416213\/"},"modified":"2025-09-25T10:03:09","modified_gmt":"2025-09-25T10:03:09","slug":"un-pieton-meurt-renverse-par-un-camion-en-plein-centre-ville-des-temoins-choques","status":"publish","type":"post","link":"https:\/\/www.europesays.com\/fr\/416213\/","title":{"rendered":"un pi\u00e9ton meurt renvers\u00e9 par un camion en plein centre-ville, des t\u00e9moins \u00ab\u00a0choqu\u00e9s\u00a0\u00bb"},"content":{"rendered":"<p>            Par<br \/>\n        <strong><br \/>\n            <a href=\"https:\/\/actu.fr\/auteur\/aurelien-delavaud\" title=\"Consulter tous les articles de Aur\u00e9lien Delavaud\" rel=\"nofollow noopener\" target=\"_blank\">Aur\u00e9lien Delavaud<\/a><br \/>\n        <\/strong><\/p>\n<p>        Publi\u00e9 le<\/p>\n<p>            25 sept. 2025 \u00e0 10h18<br \/>\n        ; mis \u00e0 jour le 25 sept. 2025 \u00e0 11h32    <\/p>\n<p>Un grave accident s\u2019est produit, en d\u00e9but de matin\u00e9e, le jeudi 25\u00a0septembre 2025, en plein centre-ville d\u2019<a href=\"https:\/\/actu.fr\/normandie\/elbeuf_76231\" rel=\"nofollow noopener\" target=\"_blank\">Elbeuf (Seine-Maritime)<\/a>.<\/p>\n<p>Un homme de 83 ans d\u00e9c\u00e9d\u00e9<\/p>\n<p class=\" wall-content\">Un petit peu apr\u00e8s 9\u2009h du matin, un <b>pi\u00e9ton<\/b> a \u00e9t\u00e9 <b>percut\u00e9 par un poids lourd<\/b>, au croisement entre la rue des Martyrs, la principale art\u00e8re commer\u00e7ante de la ville, et la rue du Pr\u00e9sident-Roosevelt.<\/p>\n<p>    <a href=\"https:\/\/maps.google.com\/maps?q=49.288468250520225,1.0067115165328877&amp;z=15&amp;output=embed\" title=\"Ouvrie le lien\" rel=\"nofollow noopener\" target=\"_blank\">Cliquez ici pour visualiser le contenu<\/a><\/p>\n<p class=\" wall-content\">\u00c0 l\u2019arriv\u00e9e des secours, l\u2019<b>homme de 83 ans<\/b> \u00e9tait en arr\u00eat cardio-respiratoire. Selon nos informations, malgr\u00e9 l\u2019intervention des secours, la <b>victime est d\u00e9c\u00e9d\u00e9e<\/b>. Une information qui a depuis \u00e9t\u00e9 confirm\u00e9e par le Sdis76.<\/p>\n<p>Deux t\u00e9moins pris en charge par les secours<\/p>\n<p class=\" wall-content\">Les pompiers pr\u00e9cisent qu\u2019ils ont \u00e9galement pris en charge deux t\u00e9moins de l\u2019accident. Ces deux femmes de 39 et 51 ans, \u00ab\u00a0choqu\u00e9es\u00a0\u00bb, ont \u00e9t\u00e9 transport\u00e9es en \u00e9tat d\u2019urgence relative vers l\u2019<b>h\u00f4pital des Feugrais<\/b>.<\/p>\n<p class=\" wall-content\">Le conducteur du camion, un homme de 39 ans, a, lui, \u00e9t\u00e9 consid\u00e9r\u00e9 \u00ab\u00a0indemne\u00a0\u00bb par les secours.\u00a0<\/p>\n<p class=\" wall-content\">Personnalisez votre actualit\u00e9 en ajoutant vos villes et m\u00e9dias en favori avec <a href=\"https:\/\/moncompte.actu.fr\" title=\"D\u00e9couvez Mon Actu\" rel=\"nofollow noopener\" data-trk=\"{&quot;cta&quot;:{&quot;action&quot;:&quot;https:\\\/\\\/moncompte.actu.fr&quot;,&quot;category&quot;:&quot;mon compte&quot;,&quot;from&quot;:&quot;article footer&quot;,&quot;name&quot;:&quot;Mon actu&quot;,&quot;type&quot;:&quot;cta&quot;}}\" target=\"_blank\">Mon Actu<\/a>.<\/p>\n","protected":false},"excerpt":{"rendered":"Par Aur\u00e9lien Delavaud Publi\u00e9 le 25 sept. 2025 \u00e0 10h18 ; mis \u00e0 jour le 25 sept. 2025&hellip;\n","protected":false},"author":2,"featured_media":416214,"comment_status":"","ping_status":"","sticky":false,"template":"","format":"standard","meta":{"footnotes":""},"categories":[9587],"tags":[119,1111,11,1777,674,118,1011,27,12,5161,1311,25,9590],"class_list":{"0":"post-416213","1":"post","2":"type-post","3":"status-publish","4":"format-standard","5":"has-post-thumbnail","7":"category-rouen","8":"tag-accident","9":"tag-actu","10":"tag-actualites","11":"tag-eu","12":"tag-europe","13":"tag-faits-divers","14":"tag-fr","15":"tag-france","16":"tag-news","17":"tag-normandie","18":"tag-pompiers","19":"tag-republique-francaise","20":"tag-rouen"},"share_on_mastodon":{"url":"https:\/\/pubeurope.com\/@fr\/115264369789240911","error":""},"_links":{"self":[{"href":"https:\/\/www.europesays.com\/fr\/wp-json\/wp\/v2\/posts\/416213","targetHints":{"allow":["GET"]}}],"collection":[{"href":"https:\/\/www.europesays.com\/fr\/wp-json\/wp\/v2\/posts"}],"about":[{"href":"https:\/\/www.europesays.com\/fr\/wp-json\/wp\/v2\/types\/post"}],"author":[{"embeddable":true,"href":"https:\/\/www.europesays.com\/fr\/wp-json\/wp\/v2\/users\/2"}],"replies":[{"embeddable":true,"href":"https:\/\/www.europesays.com\/fr\/wp-json\/wp\/v2\/comments?post=416213"}],"version-history":[{"count":0,"href":"https:\/\/www.europesays.com\/fr\/wp-json\/wp\/v2\/posts\/416213\/revisions"}],"wp:featuredmedia":[{"embeddable":true,"href":"https:\/\/www.europesays.com\/fr\/wp-json\/wp\/v2\/media\/416214"}],"wp:attachment":[{"href":"https:\/\/www.europesays.com\/fr\/wp-json\/wp\/v2\/media?parent=416213"}],"wp:term":[{"taxonomy":"category","embeddable":true,"href":"https:\/\/www.europesays.com\/fr\/wp-json\/wp\/v2\/categories?post=416213"},{"taxonomy":"post_tag","embeddable":true,"href":"https:\/\/www.europesays.com\/fr\/wp-json\/wp\/v2\/tags?post=416213"}],"curies":[{"name":"wp","href":"https:\/\/api.w.org\/{rel}","templated":true}]}}