{"id":416223,"date":"2025-09-25T10:10:12","date_gmt":"2025-09-25T10:10:12","guid":{"rendered":"https:\/\/www.europesays.com\/fr\/416223\/"},"modified":"2025-09-25T10:10:12","modified_gmt":"2025-09-25T10:10:12","slug":"a-rennes-a-quoi-faut-il-sattendre-pour-la-mobilisation-du-vendredi-26-septembre","status":"publish","type":"post","link":"https:\/\/www.europesays.com\/fr\/416223\/","title":{"rendered":"\u00e0 Rennes, \u00e0 quoi faut-il s&rsquo;attendre pour la mobilisation du vendredi 26 septembre\u00a0?"},"content":{"rendered":"<p>            Par<br \/>\n        <strong><br \/>\n            <a href=\"https:\/\/actu.fr\/auteur\/clemence-pays02-actu-fr\" title=\"Consulter tous les articles de Cl\u00e9mence Pays\" target=\"_blank\" rel=\"noopener\">Cl\u00e9mence Pays<\/a><br \/>\n        <\/strong><\/p>\n<p>        Publi\u00e9 le<\/p>\n<p>            25 sept. 2025 \u00e0 11h23        <\/p>\n<p><a href=\"https:\/\/actu.fr\/societe\/colere-des-agriculteurs-blocages-manifestations-ce-que-reserve-la-grande-journee-d-action-de-septembre_63192458.html\" target=\"_blank\" rel=\"noopener\">La FNSEA, syndicat agricole majoritaire, et les Jeunes agriculteurs (JA) appellent \u00e0 une nouvelle journ\u00e9e de mobilisation nationale<\/a> \u00ab\u2009pour faire entendre [leur] col\u00e8re et [leur] inqui\u00e9tude\u2009\u00bb.\u00a0<\/p>\n<p class=\" wall-content\">Accord UE-Mercosur, taxes Trump sur les importations, produits import\u00e9s ne respectant pas les normes\u2026 <strong>Les revendications<\/strong> des agriculteurs sont <strong>nombreuses.<\/strong><\/p>\n<p class=\" wall-content\">\n<p class=\" wall-content\">\u00c0 Rennes, pas de manifestation ni cort\u00e8ge de tracteurs dans le centre-ville, indique Bruno Gauthier, de la FDSEA 35, \u00e0 <a href=\"https:\/\/actu.fr\/rennes\/\" target=\"_blank\" rel=\"noopener\">actu Rennes<\/a>. \u00ab\u00a0En revanche, une mobilisation se d\u00e9roulera dans la commune de <strong>Saint-Just<\/strong> [Ille-et-Vilaine, N.D.L.R].\u00a0\u00bb S\u2019y d\u00e9roulera en effet la nouvelle commission de l\u2019eau Sage\u00a0 \u2013 Sch\u00e9ma d\u2019Am\u00e9nagement et de Gestion des Eaux \u2013 Vilaine, \u00ab\u00a0<a href=\"https:\/\/www.eaux-et-vilaine.bzh\/le-territoire\/les-enjeux-du-bassin\/sage-vilaine\/\" target=\"_blank\" rel=\"noopener\">visant la gestion \u00e9quilibr\u00e9e et durable de la ressource en eau, en quantit\u00e9, comme en qualit\u00e9<\/a>\u00ab\u00a0.<\/p>\n<p class=\" wall-content\">Par ailleurs, <strong>une action <\/strong>est bel et bien pr\u00e9vue dans <strong>les supermarch\u00e9s avec les producteurs de tomates<\/strong> pour d\u00e9noncer \u00ab\u2009les importations marocaines\u2009\u00bb, des tomates \u00e9trang\u00e8res <strong>vendues moins cher<\/strong> que ses comparses bretonnes. Une pr\u00e9c\u00e9dente \u00ab\u00a0action tomates\u00a0\u00bb avait d\u00e9j\u00e0 eu lieu le 20 mai dernier, dans le supermarch\u00e9 Carrefour de Pac\u00e9, pr\u00e8s de Rennes : nous vous en parlions dans <a href=\"https:\/\/actu.fr\/bretagne\/rennes_35238\/on-va-devoir-en-jeter-des-tonnes-a-rennes-les-agriculteurs-menent-une-action-tomates-dans-ce-supermarche_62661943.html\" target=\"_blank\" rel=\"noopener\">cet article<\/a>.<\/p>\n<p>\u00ab\u2009Une posture tr\u00e8s opportuniste\u2009\u00bb<\/p>\n<p class=\" wall-content\">De son c\u00f4t\u00e9, <strong>la Conf\u00e9d\u00e9ration paysanne 35<\/strong> ne souhaite pas r\u00e9pondre \u00e0 l\u2019appel \u00e0 mobilisation lanc\u00e9 par la FNSEA.<\/p>\n<blockquote class=\"ac-article-quote wall-content\">\n<p>Depuis toujours, nous sommes contre les accords de libre-\u00e9change qui nivellent par le bas toutes nos normes, comme on l&rsquo;a vu avec la loi Duplomb.<\/p>\n<p>    <strong>Samuel Dugas<\/strong><br \/>\n        Porte-parole de la Conf\u00e9d\u00e9ration paysanne35    <\/p><\/blockquote>\n<p class=\" wall-content\">Pour le syndicat des paysans, \u00ab\u2009la grogne contre le Mercosur ressemble \u00e0 une posture tr\u00e8s opportuniste [\u2026]. Leur mod\u00e8le, c\u2019est le libre-\u00e9change. Ils cherchent l\u2019agrandissement et la concentration des exploitations, la r\u00e9introduction de pesticides\u2026\u2009\u00bb<\/p>\n<p>Votre r\u00e9gion, votre actu !<\/p>\n<p>Recevez chaque jour les infos qui comptent pour vous.<\/p>\n<p>\t<a href=\"https:\/\/actu.fr\/newsletter\" class=\"ac-btn ac-btn--corner ac-btn--medium ac-btn--blue800\" target=\"_blank\" rel=\"noopener\">S&rsquo;incrire<\/a><\/p>\n<p class=\" wall-content\">\u00ab\u2009Pour nous, <strong>les normes sont vitales<\/strong> pour prot\u00e9ger notre sant\u00e9 et prot\u00e9ger le march\u00e9\u2009\u00bb, scande Samuel Dugas.<\/p>\n<p class=\" wall-content\">Ce vendredi 26 septembre, en somme, le mouvement des agriculteurs et agricultrices sera pour le moins <strong>disparate.<\/strong><\/p>\n<p class=\" wall-content\">Personnalisez votre actualit\u00e9 en ajoutant vos villes et m\u00e9dias en favori avec <a href=\"https:\/\/moncompte.actu.fr\" title=\"D\u00e9couvez Mon Actu\" rel=\"nofollow noopener\" data-trk=\"{&quot;cta&quot;:{&quot;action&quot;:&quot;https:\\\/\\\/moncompte.actu.fr&quot;,&quot;category&quot;:&quot;mon compte&quot;,&quot;from&quot;:&quot;article footer&quot;,&quot;name&quot;:&quot;Mon actu&quot;,&quot;type&quot;:&quot;cta&quot;}}\" target=\"_blank\">Mon Actu<\/a>.<\/p>\n","protected":false},"excerpt":{"rendered":"Par Cl\u00e9mence Pays Publi\u00e9 le 25 sept. 2025 \u00e0 11h23 La FNSEA, syndicat agricole majoritaire, et les Jeunes&hellip;\n","protected":false},"author":2,"featured_media":416224,"comment_status":"","ping_status":"","sticky":false,"template":"","format":"standard","meta":{"footnotes":""},"categories":[2821],"tags":[1111,11,327,829,1777,674,1011,27,1272,12,584,25,104],"class_list":{"0":"post-416223","1":"post","2":"type-post","3":"status-publish","4":"format-standard","5":"has-post-thumbnail","7":"category-rennes","8":"tag-actu","9":"tag-actualites","10":"tag-agriculture","11":"tag-bretagne","12":"tag-eu","13":"tag-europe","14":"tag-fr","15":"tag-france","16":"tag-manifestations","17":"tag-news","18":"tag-rennes","19":"tag-republique-francaise","20":"tag-societe"},"share_on_mastodon":{"url":"https:\/\/pubeurope.com\/@fr\/115264397307914966","error":""},"_links":{"self":[{"href":"https:\/\/www.europesays.com\/fr\/wp-json\/wp\/v2\/posts\/416223","targetHints":{"allow":["GET"]}}],"collection":[{"href":"https:\/\/www.europesays.com\/fr\/wp-json\/wp\/v2\/posts"}],"about":[{"href":"https:\/\/www.europesays.com\/fr\/wp-json\/wp\/v2\/types\/post"}],"author":[{"embeddable":true,"href":"https:\/\/www.europesays.com\/fr\/wp-json\/wp\/v2\/users\/2"}],"replies":[{"embeddable":true,"href":"https:\/\/www.europesays.com\/fr\/wp-json\/wp\/v2\/comments?post=416223"}],"version-history":[{"count":0,"href":"https:\/\/www.europesays.com\/fr\/wp-json\/wp\/v2\/posts\/416223\/revisions"}],"wp:featuredmedia":[{"embeddable":true,"href":"https:\/\/www.europesays.com\/fr\/wp-json\/wp\/v2\/media\/416224"}],"wp:attachment":[{"href":"https:\/\/www.europesays.com\/fr\/wp-json\/wp\/v2\/media?parent=416223"}],"wp:term":[{"taxonomy":"category","embeddable":true,"href":"https:\/\/www.europesays.com\/fr\/wp-json\/wp\/v2\/categories?post=416223"},{"taxonomy":"post_tag","embeddable":true,"href":"https:\/\/www.europesays.com\/fr\/wp-json\/wp\/v2\/tags?post=416223"}],"curies":[{"name":"wp","href":"https:\/\/api.w.org\/{rel}","templated":true}]}}