{"id":416225,"date":"2025-09-25T10:11:12","date_gmt":"2025-09-25T10:11:12","guid":{"rendered":"https:\/\/www.europesays.com\/fr\/416225\/"},"modified":"2025-09-25T10:11:12","modified_gmt":"2025-09-25T10:11:12","slug":"strasbourg-plusieurs-cambrioleurs-interpelles-grace-a-des-temoins","status":"publish","type":"post","link":"https:\/\/www.europesays.com\/fr\/416225\/","title":{"rendered":"Strasbourg. Plusieurs cambrioleurs interpell\u00e9s gr\u00e2ce \u00e0 des t\u00e9moins"},"content":{"rendered":"<p>Suite \u00e0 un appel au 17, un individu a \u00e9t\u00e9 interpell\u00e9 en sortant d\u2019un appartement dont la porte avait \u00e9t\u00e9 fractur\u00e9e, mercredi 24\u00a0septembre, apr\u00e8s 17\u00a0h, dans le quartier du Neuhof \u00e0 Strasbourg. Apr\u00e8s une br\u00e8ve course-poursuite dans les communs de l\u2019immeuble, il a \u00e9t\u00e9 interpell\u00e9 en possession d\u2019un sac contenant une dizaine de t\u00e9l\u00e9phones portables, des parfums, des montres et un \u00ab\u00a0attirail complet <a href=\"https:\/\/www.dna.fr\/faits-divers-justice\/2025\/08\/19\/cambriolages-equipement-discretion-les-conseils-des-forces-de-l-ordre-pour-limiter-les-risques\" target=\"_blank\" rel=\"noopener\">du parfait cambrioleur<\/a> \u00bb dont un couteau. N\u00e9 en 1999, il est d\u00e9favorablement connu des services de police.<\/p>\n<p>Un deuxi\u00e8me homme mis en fuite<\/p>\n<p>Ce jeudi 25\u00a0septembre, peu avant 4\u00a0h du matin, r\u00e9pondant une nouvelle fois \u00e0 un appel au 17, les policiers ont proc\u00e9d\u00e9 \u00e0 l\u2019interpellation d\u2019un individu auteur d\u2019une tentative de cambriolage, <a href=\"https:\/\/www.dna.fr\/faits-divers-justice\/2025\/07\/16\/cambriolages-en-serie-a-la-meinau-trois-ans-de-prison\" target=\"_blank\" rel=\"noopener\">route de la Meinau<\/a>, \u00e0 Strasbourg. Il a \u00e9t\u00e9 mis en fuite par le requ\u00e9rant \u00e0 qui il a assen\u00e9 un violent coup de t\u00eate, non sans le menacer de mort. L\u2019homme de 32 ans a \u00e9t\u00e9 interpell\u00e9 par une patrouille de police secours.<\/p>\n<p>Les deux suspects sont tous deux entendus sous le r\u00e9gime de la garde \u00e0 vue. La police salue la r\u00e9activit\u00e9 des deux t\u00e9moins dont l\u2019intervention a sans aucun doute permis \u00ab\u00a0l\u2019interpellation de ces deux malfaiteurs r\u00e9cidivistes\u00a0\u00bb.<\/p>\n","protected":false},"excerpt":{"rendered":"Suite \u00e0 un appel au 17, un individu a \u00e9t\u00e9 interpell\u00e9 en sortant d\u2019un appartement dont la porte&hellip;\n","protected":false},"author":2,"featured_media":416226,"comment_status":"","ping_status":"","sticky":false,"template":"","format":"standard","meta":{"footnotes":""},"categories":[2820],"tags":[1111,11,2389,2649,271,272,2880,1777,674,274,107,1011,27,775,12,25,640,2879],"class_list":{"0":"post-416225","1":"post","2":"type-post","3":"status-publish","4":"format-standard","5":"has-post-thumbnail","7":"category-strasbourg","8":"tag-actu","9":"tag-actualites","10":"tag-alsace","11":"tag-bas-rhin","12":"tag-crime","13":"tag-delit-et-contravention","14":"tag-edition-strasbourg","15":"tag-eu","16":"tag-europe","17":"tag-faits-divers-justice","18":"tag-fil-info","19":"tag-fr","20":"tag-france","21":"tag-grand-est","22":"tag-news","23":"tag-republique-francaise","24":"tag-strasbourg","25":"tag-strasbourg-ville"},"share_on_mastodon":{"url":"https:\/\/pubeurope.com\/@fr\/115264401231191439","error":""},"_links":{"self":[{"href":"https:\/\/www.europesays.com\/fr\/wp-json\/wp\/v2\/posts\/416225","targetHints":{"allow":["GET"]}}],"collection":[{"href":"https:\/\/www.europesays.com\/fr\/wp-json\/wp\/v2\/posts"}],"about":[{"href":"https:\/\/www.europesays.com\/fr\/wp-json\/wp\/v2\/types\/post"}],"author":[{"embeddable":true,"href":"https:\/\/www.europesays.com\/fr\/wp-json\/wp\/v2\/users\/2"}],"replies":[{"embeddable":true,"href":"https:\/\/www.europesays.com\/fr\/wp-json\/wp\/v2\/comments?post=416225"}],"version-history":[{"count":0,"href":"https:\/\/www.europesays.com\/fr\/wp-json\/wp\/v2\/posts\/416225\/revisions"}],"wp:featuredmedia":[{"embeddable":true,"href":"https:\/\/www.europesays.com\/fr\/wp-json\/wp\/v2\/media\/416226"}],"wp:attachment":[{"href":"https:\/\/www.europesays.com\/fr\/wp-json\/wp\/v2\/media?parent=416225"}],"wp:term":[{"taxonomy":"category","embeddable":true,"href":"https:\/\/www.europesays.com\/fr\/wp-json\/wp\/v2\/categories?post=416225"},{"taxonomy":"post_tag","embeddable":true,"href":"https:\/\/www.europesays.com\/fr\/wp-json\/wp\/v2\/tags?post=416225"}],"curies":[{"name":"wp","href":"https:\/\/api.w.org\/{rel}","templated":true}]}}