{"id":416235,"date":"2025-09-25T10:16:14","date_gmt":"2025-09-25T10:16:14","guid":{"rendered":"https:\/\/www.europesays.com\/fr\/416235\/"},"modified":"2025-09-25T10:16:14","modified_gmt":"2025-09-25T10:16:14","slug":"une-enquete-judiciaire-ouverte-apres-les-degradations-survenues-mardi-sur-un-campus-universitaire","status":"publish","type":"post","link":"https:\/\/www.europesays.com\/fr\/416235\/","title":{"rendered":"une enqu\u00eate judiciaire ouverte apr\u00e8s les d\u00e9gradations survenues mardi sur un campus universitaire"},"content":{"rendered":"<p>Un petit groupe cagoul\u00e9 est venu saccager le p\u00f4le \u00e9tudiant, conduisant la pr\u00e9sidente de Nantes Universit\u00e9 \u00e0 faire \u00e9vacuer les lieux. Six plaintes ont \u00e9t\u00e9 d\u00e9pos\u00e9es. Ce jeudi, les cours sont \u00e0 nouveau suspendus.<\/p>\n<p class=\"fig-paragraph\">Apr\u00e8s les d\u00e9gradations\u00a0<a href=\"http:\/\/www.lefigaro.fr\/nantes\/l-universite-de-nantes-contrainte-de-fermer-l-un-de-ses-campus-apres-le-saccage-d-un-batiment-les-cours-suspendus-20250923\" target=\"_blank\" data-fig-type=\"NewsFlash\" rel=\"noopener\" data-gtm-custom-categorie=\"navigation\" data-gtm-custom-action=\"crossclick\" data-gtm-custom-label=\"Contextuel\" data-gtm-event=\"customEventSPE\" data-fig-domain=\"LEFIGARO\">survenues \u00e0 Nantes Universit\u00e9<\/a>\u00a0mardi, la justice s\u2019empare du sujet. Selon des informations de\u00a0<a href=\"https:\/\/www.ouest-france.fr\/education\/etudiant\/universites\/une-enquete-penale-ouverte-apres-les-debordements-a-luniversite-de-nantes-six-plaintes-deposees-c029dd4e-9954-11f0-bc84-9e08c570c0db\" target=\"_blank\" rel=\"noopener\" data-gtm-custom-categorie=\"navigation\" data-gtm-custom-action=\"crossclick\" data-gtm-custom-label=\"Contextuel\" data-gtm-event=\"customEventSPE\">Ouest France<\/a>, confirm\u00e9es par le procureur de la R\u00e9publique de Nantes Antoine Leroy, une enqu\u00eate p\u00e9nale a \u00e9t\u00e9 ouverte. Six plaintes ont \u00e9t\u00e9 d\u00e9pos\u00e9es, notamment par des enseignants marqu\u00e9s par l\u2019intrusion de personnes dans le p\u00f4le \u00e9tudiant qui a \u00e9t\u00e9 saccag\u00e9 et recouvert de tags en pleine journ\u00e9e. Le quotidien\u00a0<a href=\"https:\/\/www.ouest-france.fr\/societe\/faits-divers\/apres-les-degradations-sur-le-campus-du-tertre-des-plaintes-deposees-et-une-enquete-ouverte-3141c5aa-995a-11f0-bc84-9e08c570c0db\" target=\"_blank\" rel=\"noopener\" data-gtm-custom-categorie=\"navigation\" data-gtm-custom-action=\"crossclick\" data-gtm-custom-label=\"Contextuel\" data-gtm-event=\"customEventSPE\">Presse Oc\u00e9an<\/a> \u00a0pr\u00e9cise que l\u2019enqu\u00eate a \u00e9t\u00e9 ouverte pour \u00abviolences en r\u00e9union sans incapacit\u00e9 de travail\u00bb, \u00abd\u00e9gradations\u00bb et \u00aboutrage\u00bb.<\/p>\n<p class=\"fig-paragraph\">Le 23 septembre en d\u00e9but d\u2019apr\u00e8s-midi, un groupe de jeunes cagoul\u00e9s a fait irruption dans le lieu de vie\u00a0<a href=\"http:\/\/www.lefigaro.fr\/nantes\/nantes-le-conseil-d-etat-demande-a-l-universite-de-reintegrer-la-presidente-de-l-uni-exclue-depuis-plusieurs-mois-20250516\" target=\"_blank\" data-fig-type=\"NewsFlash\" rel=\"noopener\" data-gtm-custom-categorie=\"navigation\" data-gtm-custom-action=\"crossclick\" data-gtm-custom-label=\"Contextuel\" data-gtm-event=\"customEventSPE\" data-fig-domain=\"LEFIGARO\">universitaire<\/a>\u00a0apr\u00e8s une assembl\u00e9e g\u00e9n\u00e9rale. \u00abDes membres du personnel qui travaillaient l\u00e0 se sont retrouv\u00e9s bloqu\u00e9s dans leur bureau. Pendant ce temps, dans les autres espaces, ce petit groupe d\u2019individus a tagu\u00e9 des bureaux vides, a jet\u00e9 des papiers par la fen\u00eatre, a vid\u00e9 les placards\u2026 Et encore une fois on a constat\u00e9 des tags nominatifs et haineux aujourd\u2019hui\u00bb, a condamn\u00e9\u00a0<a href=\"http:\/\/www.lefigaro.fr\/actualite-france\/la-presidente-de-l-universite-de-nantes-appelle-a-voter-contre-marine-le-pen-20220413\" target=\"_blank\" data-fig-type=\"NewsFlash\" rel=\"noopener\" data-gtm-custom-categorie=\"navigation\" data-gtm-custom-action=\"crossclick\" data-gtm-custom-label=\"Contextuel\" data-gtm-event=\"customEventSPE\" data-fig-domain=\"LEFIGARO\">Carine Bernault<\/a>, la pr\u00e9sidente de\u00a0<a href=\"http:\/\/www.lefigaro.fr\/nantes\/nantes-des-degradations-et-des-tags-haineux-decouverts-apres-une-fete-sauvage-organisee-dans-l-enceinte-de-l-universite-20250211\" target=\"_blank\" data-fig-type=\"NewsFlash\" rel=\"noopener\" data-gtm-custom-categorie=\"navigation\" data-gtm-custom-action=\"crossclick\" data-gtm-custom-label=\"Contextuel\" data-gtm-event=\"customEventSPE\" data-fig-domain=\"LEFIGARO\">Nantes Universit\u00e9.<\/a>\u00a0Si aucun enseignant n\u2019a \u00e9t\u00e9 bless\u00e9, \u00abon a des coll\u00e8gues qui sont choqu\u00e9s par ce qui s\u2019est pass\u00e9\u00bb, a ajout\u00e9 la responsable lors d\u2019une conf\u00e9rence de presse organis\u00e9e dans l\u2019urgence. La police a \u00e9t\u00e9 d\u00e9p\u00each\u00e9e sur les lieux et le campus a \u00e9t\u00e9 \u00e9vacu\u00e9.<\/p>\n<p>                                    <a class=\"fig-a11y-skip a11y-hidden\" href=\"#fig-a11y-skip-main-inarticle\"><br \/>\n        Passer la publicit\u00e9<br \/>\n    <\/a><\/p>\n<p>Cours \u00e0 nouveau suspendus ce jeudi<\/p>\n<p class=\"fig-paragraph\">D\u2019autres \u00e9v\u00e9nements et blocages ont eu lieu de mani\u00e8re r\u00e9p\u00e9t\u00e9e depuis le 18 septembre, notamment pour contester contre une modification du\u00a0<a href=\"http:\/\/www.lefigaro.fr\/nantes\/glissement-autoritaire-ou-simple-mise-a-jour-cette-modification-du-reglement-de-nantes-universite-qui-suscite-la-colere-syndicale-20250924\" target=\"_blank\" data-fig-type=\"NewsFlash\" rel=\"noopener\" data-gtm-custom-categorie=\"navigation\" data-gtm-custom-action=\"crossclick\" data-gtm-custom-label=\"Contextuel\" data-gtm-event=\"customEventSPE\" data-fig-domain=\"LEFIGARO\">r\u00e8glement int\u00e9rieur<\/a>\u00a0de l\u2019universit\u00e9, jusqu\u2019\u00e0 l\u2019\u00e9pisode de mardi o\u00f9 la tension est mont\u00e9e d\u2019un cran. Les cours ont d\u2019ailleurs \u00e9t\u00e9 suspendus l\u2019apr\u00e8s-midi.<\/p>\n<p class=\"fig-paragraph\">Ce jeudi, rebelote. \u00abEn raison d\u2019un mouvement \u00e9tudiant en cours, le campus Tertre est actuellement ferm\u00e9\u00bb, a communiqu\u00e9 l\u2019universit\u00e9 dans une d\u00e9p\u00eache interne consult\u00e9e par Le Figaro. Les cours sont \u00e0 nouveau suspendus pour la journ\u00e9e. Selon nos informations, en cette rentr\u00e9e, certains \u00e9tudiants s\u2019inqui\u00e8tent des cours annul\u00e9s \u00e0 rattraper.<\/p>\n","protected":false},"excerpt":{"rendered":"Un petit groupe cagoul\u00e9 est venu saccager le p\u00f4le \u00e9tudiant, conduisant la pr\u00e9sidente de Nantes Universit\u00e9 \u00e0 faire&hellip;\n","protected":false},"author":2,"featured_media":416236,"comment_status":"","ping_status":"","sticky":false,"template":"","format":"standard","meta":{"footnotes":""},"categories":[2818],"tags":[1111,11,1777,674,1011,27,303,766,12,2636,25,5768],"class_list":{"0":"post-416235","1":"post","2":"type-post","3":"status-publish","4":"format-standard","5":"has-post-thumbnail","7":"category-nantes","8":"tag-actu","9":"tag-actualites","10":"tag-eu","11":"tag-europe","12":"tag-fr","13":"tag-france","14":"tag-justice","15":"tag-nantes","16":"tag-news","17":"tag-pays-de-la-loire","18":"tag-republique-francaise","19":"tag-universite"},"share_on_mastodon":{"url":"https:\/\/pubeurope.com\/@fr\/115264420895715058","error":""},"_links":{"self":[{"href":"https:\/\/www.europesays.com\/fr\/wp-json\/wp\/v2\/posts\/416235","targetHints":{"allow":["GET"]}}],"collection":[{"href":"https:\/\/www.europesays.com\/fr\/wp-json\/wp\/v2\/posts"}],"about":[{"href":"https:\/\/www.europesays.com\/fr\/wp-json\/wp\/v2\/types\/post"}],"author":[{"embeddable":true,"href":"https:\/\/www.europesays.com\/fr\/wp-json\/wp\/v2\/users\/2"}],"replies":[{"embeddable":true,"href":"https:\/\/www.europesays.com\/fr\/wp-json\/wp\/v2\/comments?post=416235"}],"version-history":[{"count":0,"href":"https:\/\/www.europesays.com\/fr\/wp-json\/wp\/v2\/posts\/416235\/revisions"}],"wp:featuredmedia":[{"embeddable":true,"href":"https:\/\/www.europesays.com\/fr\/wp-json\/wp\/v2\/media\/416236"}],"wp:attachment":[{"href":"https:\/\/www.europesays.com\/fr\/wp-json\/wp\/v2\/media?parent=416235"}],"wp:term":[{"taxonomy":"category","embeddable":true,"href":"https:\/\/www.europesays.com\/fr\/wp-json\/wp\/v2\/categories?post=416235"},{"taxonomy":"post_tag","embeddable":true,"href":"https:\/\/www.europesays.com\/fr\/wp-json\/wp\/v2\/tags?post=416235"}],"curies":[{"name":"wp","href":"https:\/\/api.w.org\/{rel}","templated":true}]}}