{"id":416237,"date":"2025-09-25T10:17:17","date_gmt":"2025-09-25T10:17:17","guid":{"rendered":"https:\/\/www.europesays.com\/fr\/416237\/"},"modified":"2025-09-25T10:17:17","modified_gmt":"2025-09-25T10:17:17","slug":"audry-liseron-monfils-ne-sera-pas-reconduit-a-la-direction-de-lecole-des-beaux-arts-de-bordeaux","status":"publish","type":"post","link":"https:\/\/www.europesays.com\/fr\/416237\/","title":{"rendered":"Audry Liseron-Monfils ne sera pas reconduit \u00e0 la direction de l\u2019\u00c9cole des beaux-arts de Bordeaux"},"content":{"rendered":"<p class=\"wp-block-post-excerpt__excerpt\">Le conseil d\u2019administration a vot\u00e9 contre le renouvellement du contrat d\u2019Audry Liseron-Monfils, nomm\u00e9 en mars 2023 au poste de directeur de l\u2019\u00c9cole des beaux-arts de Bordeaux. <\/p>\n<p class=\"font-sans\">\n\t\t\tCet article est en acc\u00e8s libre. Pour soutenir Rue89Bordeaux,<br \/>\n\t\t\t<a class=\"underline\" href=\"https:\/\/rue89bordeaux.com\/abonnement\/\" target=\"_blank\" rel=\"noopener\">abonnez-vous<\/a>.\n\t\t<\/p>\n<p>Walid Salem<\/p>\n<p>Publi\u00e9 le 25 septembre 2025\u00a0\u00a0\u00b7\u00a0\u00a0<\/p>\n<p>Imprim\u00e9 le 25 septembre 2025 \u00e0 11h40\u00a0\u00a0\u00b7\u00a0\u00a0<\/p>\n<p>\t\t\t\t\t1\u00a0minute\n<\/p>\n<p>Le conseil d\u2019administration de l\u2019\u00c9cole sup\u00e9rieure des beaux-arts de Bordeaux (Ebabx) s\u2019est r\u00e9uni vendredi 19 septembre pour examiner notamment la reconduction du directeur de l\u2019\u00e9tablissement pour trois ans suppl\u00e9mentaires. A l\u2019unanimit\u00e9 moins une voix \u2013 12 sur les 13 conseillers pr\u00e9sents -, Audry Liseron-Monfils n\u2019a pas \u00e9t\u00e9 renouvel\u00e9 :<\/p>\n<blockquote class=\"wp-block-quote is-layout-flow wp-block-quote-is-layout-flow\">\n<p>\u00ab\u00a0Il a fait un premier mandat de trois ans et la proc\u00e9dure classique est qu\u2019il doit pr\u00e9senter un projet pour les trois ann\u00e9es \u00e0 venir. Ce projet n\u2019a pas convaincu\u00a0\u00bb, explique Baptiste Maurin, pr\u00e9sident du conseil d\u2019administration de l\u2019\u00e9cole.<\/p>\n<\/blockquote>\n<p>\t\tNouveau recrutement<\/p>\n<p>L\u2019\u00e9lu bordelais, conseiller municipal et m\u00e9tropolitain, n\u2019a pas donn\u00e9 plus de d\u00e9tails sur le projet du directeur et annonce qu\u2019une proc\u00e9dure de recrutement \u00ab\u00a0va s\u2019ouvrir dans la foul\u00e9e\u00a0\u00bb. Le nouveau directeur ou la nouvelle directrice devra prendre ses fonctions le 1er avril 2026, au lendemain de la fin du contrat du directeur actuel.<\/p>\n<p>Audry Liseron-Monfils avait succ\u00e9d\u00e9 \u00e0 Dominique Pasqualini \u00e0 la direction de l\u2019Ebabx. Artiste et ancien directeur du Campus Carib\u00e9en des Arts de Martinique, il avait pr\u00e9sent\u00e9 pour l\u2019\u00e9tablissement \u00ab\u00a0un projet pluriannuel, o\u00f9 p\u00e9dagogie et recherche se conjugait avec l\u2019analyse des r\u00e9alit\u00e9s de la cr\u00e9ation contemporaine mondiale\u00a0\u00bb. Il avait pour ambition de d\u00e9velopper \u00ab\u00a0des synergies \u00e0 l\u2019\u00e9chelle de la Nouvelle-Aquitaine\u00a0\u00bb et renforcer la pr\u00e9sence de l\u2019\u00e9cole \u00ab\u00a0sur le territoire de la m\u00e9tropole bordelaise \u00e0 travers des projets ancr\u00e9s dans la vie culturelle locale\u00a0\u00bb.<\/p>\n","protected":false},"excerpt":{"rendered":"Le conseil d\u2019administration a vot\u00e9 contre le renouvellement du contrat d\u2019Audry Liseron-Monfils, nomm\u00e9 en mars 2023 au poste&hellip;\n","protected":false},"author":2,"featured_media":416238,"comment_status":"","ping_status":"","sticky":false,"template":"","format":"standard","meta":{"footnotes":""},"categories":[2817],"tags":[1111,11,1997,30448,1777,674,1011,27,12,2219,25],"class_list":{"0":"post-416237","1":"post","2":"type-post","3":"status-publish","4":"format-standard","5":"has-post-thumbnail","7":"category-bordeaux","8":"tag-actu","9":"tag-actualites","10":"tag-bordeaux","11":"tag-ecole-des-beaux-arts-de-bordeaux","12":"tag-eu","13":"tag-europe","14":"tag-fr","15":"tag-france","16":"tag-news","17":"tag-nouvelle-aquitaine","18":"tag-republique-francaise"},"share_on_mastodon":{"url":"https:\/\/pubeurope.com\/@fr\/115264424802121947","error":""},"_links":{"self":[{"href":"https:\/\/www.europesays.com\/fr\/wp-json\/wp\/v2\/posts\/416237","targetHints":{"allow":["GET"]}}],"collection":[{"href":"https:\/\/www.europesays.com\/fr\/wp-json\/wp\/v2\/posts"}],"about":[{"href":"https:\/\/www.europesays.com\/fr\/wp-json\/wp\/v2\/types\/post"}],"author":[{"embeddable":true,"href":"https:\/\/www.europesays.com\/fr\/wp-json\/wp\/v2\/users\/2"}],"replies":[{"embeddable":true,"href":"https:\/\/www.europesays.com\/fr\/wp-json\/wp\/v2\/comments?post=416237"}],"version-history":[{"count":0,"href":"https:\/\/www.europesays.com\/fr\/wp-json\/wp\/v2\/posts\/416237\/revisions"}],"wp:featuredmedia":[{"embeddable":true,"href":"https:\/\/www.europesays.com\/fr\/wp-json\/wp\/v2\/media\/416238"}],"wp:attachment":[{"href":"https:\/\/www.europesays.com\/fr\/wp-json\/wp\/v2\/media?parent=416237"}],"wp:term":[{"taxonomy":"category","embeddable":true,"href":"https:\/\/www.europesays.com\/fr\/wp-json\/wp\/v2\/categories?post=416237"},{"taxonomy":"post_tag","embeddable":true,"href":"https:\/\/www.europesays.com\/fr\/wp-json\/wp\/v2\/tags?post=416237"}],"curies":[{"name":"wp","href":"https:\/\/api.w.org\/{rel}","templated":true}]}}