{"id":41624,"date":"2025-04-21T13:47:10","date_gmt":"2025-04-21T13:47:10","guid":{"rendered":"https:\/\/www.europesays.com\/fr\/41624\/"},"modified":"2025-04-21T13:47:10","modified_gmt":"2025-04-21T13:47:10","slug":"comment-juan-cruz-mallia-est-devenu-lun-des-meilleurs-10-du-top-14","status":"publish","type":"post","link":"https:\/\/www.europesays.com\/fr\/41624\/","title":{"rendered":"Comment Juan Cruz Mallia est devenu l\u2019un des meilleurs 10 du Top 14 ?"},"content":{"rendered":"<p>Si vous \u00eates un amoureux de la balle ovale, <strong>vous ne pouvez rester insensible aux \u00e9motions que procure Juan Cruz Mallia<\/strong> sur un terrain de rugby. Et nul besoin d\u2019\u00eatre un supporter du Stade Toulousain ou des Pumas, pour reconna\u00eetre <strong>la classe inn\u00e9e encr\u00e9e en ce joueur<\/strong>, celle des plus grands, celle qui distingue les bons des tr\u00e8s bons, les grands des tr\u00e8s grands.<\/p>\n<p>Mallia a illumin\u00e9 Jean Bouin<\/p>\n<p>Vous trouverez peut-\u00eatre qu\u2019on use des superlatifs. Nous au contraire, dirons qu\u2019un <strong>tel ph\u00e9nom\u00e8ne n\u2019a pas le rayonnement qu\u2019il m\u00e9rite<\/strong>. Hier soir, dans un Jean Bouin maussade, arros\u00e9 durant une heure et demi par des trombes d\u2019eau tomb\u00e9es sans discontinuer, <strong>l\u2019Argentin fut l\u2019\u00e9claircie dans la grisaille parisienne<\/strong>, un g\u00e9nie qui a illumin\u00e9 la pelouse synth\u00e9tique des soldats roses.<\/p>\n<p>Car rendez-vous compte, arriv\u00e9 sur la pointe des pieds en 2021 sur les bords de la Garonne, <strong>le natif de C\u00f3rdoba est aujourd\u2019hui un indispensable de la ligne de trois quarts cinq \u00e9toiles<\/strong> des champions d\u2019Europe et de France. Et on serait pr\u00eat \u00e0 jurer, que sans cette ultra polyvalence, <strong>Juan Cruz Mallia serait \u00e0 chaque fois nomm\u00e9, parmi les grands actuels de ce sport<\/strong>.<\/p>\n<p>Car c\u2019est bien l\u00e0 que le b\u00e2t blesse. Jamais Mallia ne semble \u00eatre reconnu \u00e0 sa juste valeur, except\u00e9 par quelques suiveurs. Chacun est unanime sur son talent ind\u00e9niable mais <strong>jamais l\u2019Argentin de 28 ans n\u2019appara\u00eet dans les discussions avec les tops joueurs de sa g\u00e9n\u00e9ration<\/strong>. Utility back par excellence, capable de couvrir tous les postes de la ligne arri\u00e8re, <strong>c\u2019est bien avec le num\u00e9ro 10 qu\u2019il a brill\u00e9 ce dimanche soir<\/strong>.<\/p>\n<p>En se montrant taquin, on serait presque tent\u00e9 de dire que <strong>c\u2019est le poste o\u00f9 Mallia arrive \u00e0 tirer la quintessence de ses qualit\u00e9s<\/strong>, touchant davantage de ballons et bonifiant parfaitement sa science du jeu. Hier, outre <strong>son essai venu parachever une performance pas loin d\u2019\u00eatre parfaite<\/strong>, il a su alterner le jeu, se montrant mena\u00e7ant au pied avec notamment <strong>des rasants qui ont sem\u00e9 par deux fois la zizanie dans la d\u00e9fense parisienne<\/strong>. Hyperactif balle en main, il bonifie \u00e9galement ses partenaires et peut m\u00eame se vanter d\u2019\u00eatre un buteur fiable.<\/p>\n<p>Except\u00e9 cette ultime p\u00e9nalit\u00e9 manqu\u00e9e des 40 m\u00e8tres excentr\u00e9e qui aurait pu co\u00fbter cher, Mallia s\u2019est montr\u00e9 impeccable face aux perches. Une corde de plus \u00e0 son arc.<\/p>\n<p>L\u2019un des meilleurs 10 de Top 14<\/p>\n<p>Et m\u00eame si ce n\u2019est pas son poste de pr\u00e9dilection, <strong>Juan Cruz Mallia est aujourd\u2019hui l\u2019un des meilleurs num\u00e9ros 10 de notre championnat, <\/strong>n\u2019ayons pas peur de le dire. Ultra complet, son penchant pour l\u2019attaque et ses qualit\u00e9s offensives ajoute une menace quand certains ouvreurs de notre championnat sont dans un registre \u00ab\u00a0plus classique\u00a0\u00bb. Si Ntamack demeure un ind\u00e9boulonnable \u00e0 ce poste dans la Ville rose, en cas de p\u00e9pin de ce dernier, <strong>le staff haut-garonnais a de quoi voir venir avec un tel joyau<\/strong>.<\/p>\n<p>Biberonn\u00e9 au rugby, tomb\u00e9 malade de ce sport lors de la Coupe du Monde 2003, alors que je savais \u00e0 peine marcher, je suis le seul sudiste ayant reni\u00e9 le Stade Toulousain pour l\u2019autre Stade\u2026 Fran\u00e7ais. Condamn\u00e9 \u00e0 souffrir avec mon club de c\u0153ur, j\u2019esp\u00e8re vous transmettre mon amour pour la balle ovale \u00e0 travers XV Ovalie !<\/p>\n","protected":false},"excerpt":{"rendered":"Si vous \u00eates un amoureux de la balle ovale, vous ne pouvez rester insensible aux \u00e9motions que procure&hellip;\n","protected":false},"author":2,"featured_media":41625,"comment_status":"","ping_status":"","sticky":false,"template":"","format":"standard","meta":{"footnotes":""},"categories":[1416],"tags":[1011,27,12681,479,1468,60,478,2312],"class_list":{"0":"post-41624","1":"post","2":"type-post","3":"status-publish","4":"format-standard","5":"has-post-thumbnail","7":"category-rugby","8":"tag-fr","9":"tag-france","10":"tag-juan-cruz-mallia","11":"tag-rugby","12":"tag-rugby-football","13":"tag-sports","14":"tag-top-14","15":"tag-toulouse"},"share_on_mastodon":{"url":"https:\/\/pubeurope.com\/@fr\/114376267795750520","error":""},"_links":{"self":[{"href":"https:\/\/www.europesays.com\/fr\/wp-json\/wp\/v2\/posts\/41624","targetHints":{"allow":["GET"]}}],"collection":[{"href":"https:\/\/www.europesays.com\/fr\/wp-json\/wp\/v2\/posts"}],"about":[{"href":"https:\/\/www.europesays.com\/fr\/wp-json\/wp\/v2\/types\/post"}],"author":[{"embeddable":true,"href":"https:\/\/www.europesays.com\/fr\/wp-json\/wp\/v2\/users\/2"}],"replies":[{"embeddable":true,"href":"https:\/\/www.europesays.com\/fr\/wp-json\/wp\/v2\/comments?post=41624"}],"version-history":[{"count":0,"href":"https:\/\/www.europesays.com\/fr\/wp-json\/wp\/v2\/posts\/41624\/revisions"}],"wp:featuredmedia":[{"embeddable":true,"href":"https:\/\/www.europesays.com\/fr\/wp-json\/wp\/v2\/media\/41625"}],"wp:attachment":[{"href":"https:\/\/www.europesays.com\/fr\/wp-json\/wp\/v2\/media?parent=41624"}],"wp:term":[{"taxonomy":"category","embeddable":true,"href":"https:\/\/www.europesays.com\/fr\/wp-json\/wp\/v2\/categories?post=41624"},{"taxonomy":"post_tag","embeddable":true,"href":"https:\/\/www.europesays.com\/fr\/wp-json\/wp\/v2\/tags?post=41624"}],"curies":[{"name":"wp","href":"https:\/\/api.w.org\/{rel}","templated":true}]}}