{"id":416245,"date":"2025-09-25T10:21:24","date_gmt":"2025-09-25T10:21:24","guid":{"rendered":"https:\/\/www.europesays.com\/fr\/416245\/"},"modified":"2025-09-25T10:21:24","modified_gmt":"2025-09-25T10:21:24","slug":"emploi-apres-paris-et-barcelone-skello-arrive-a-lille-et-veut-recruter-100-personnes-dici-2026","status":"publish","type":"post","link":"https:\/\/www.europesays.com\/fr\/416245\/","title":{"rendered":"Emploi. Apr\u00e8s Paris et Barcelone, Skello arrive \u00e0 Lille et veut recruter 100 personnes d&rsquo;ici 2026"},"content":{"rendered":"<p>            Par<br \/>\n        <strong><br \/>\n            <a href=\"https:\/\/actu.fr\/auteur\/nicolas-demollien\" title=\"Consulter tous les articles de Nicolas Demollien\" target=\"_blank\" rel=\"noopener\">Nicolas Demollien<\/a><br \/>\n        <\/strong><\/p>\n<p>        Publi\u00e9 le<\/p>\n<p>            25 sept. 2025 \u00e0 8h04        <\/p>\n<p>C\u2019est une \u00ab\u00a0d\u00e9cision strat\u00e9gique majeure\u00a0\u00bb. Apr\u00e8s son implantation \u00e0 <a href=\"https:\/\/actu.fr\/paris\/\" target=\"_blank\" rel=\"noopener\">Paris<\/a> ou encore Barcelone, l\u2019<b>entreprise Skello<\/b> vient d\u2019<b>ouvrir un bureau<\/b> \u00e0 <a href=\"https:\/\/actu.fr\/hauts-de-france\/lille_59350\" target=\"_blank\" rel=\"noopener\">Lille<\/a> (Nord) et veut <b>cr\u00e9er 100 emplois d\u2019ici 2026<\/b>. La soci\u00e9t\u00e9, <b>sp\u00e9cialis\u00e9e dans les ressources humaines (RH)<\/b>, veut ainsi \u00ab\u00a0<b>acc\u00e9l\u00e9rer son d\u00e9veloppement<\/b>\u00ab\u00a0.<\/p>\n<p>Pourquoi Skello d\u00e9cide de miser sur Lille apr\u00e8s Paris et Barcelone ?<\/p>\n<p class=\" wall-content\">Skello se revendique \u00eatre une \u00ab\u00a0<b>solution RH pens\u00e9e pour les \u00e9quipes de terrain<\/b>, qui permet de planifier, piloter et simplifier le quotidien des \u00e9quipes dans des secteurs cl\u00e9s de l\u2019\u00e9conomie des <a href=\"https:\/\/actu.fr\/hauts-de-france\/\" target=\"_blank\" rel=\"noopener\">Hauts-de-France<\/a>\u00ab\u00a0.<\/p>\n<p class=\" wall-content\">Elle est d\u00e9j\u00e0 utilis\u00e9e par \u00ab\u00a0600 000 personnes chaque jour\u00a0\u00bb selon les chiffres de l\u2019entreprise.<\/p>\n<p class=\" wall-content\">Si Skello choisit la capitale des Flandres, c\u2019est tout sauf un hasard. \u00ab\u00a0La m\u00e9tropole lilloise, reconnue pour son dynamisme \u00e9conomique et l\u2019importance des secteurs cl\u00e9s tels que l\u2019h\u00f4tellerie-restauration, le retail, le sport, la sant\u00e9, le m\u00e9dico-social ou encore la construction, occupe une <b>place strat\u00e9gique dans notre d\u00e9veloppement<\/b>\u00ab\u00a0, souffle-t-on du c\u00f4t\u00e9 de l\u2019entreprise.<\/p>\n<p class=\" wall-content\">Skello compte ainsi d\u00e9j\u00e0 plusieurs clients majeurs dans la r\u00e9gion. Avec son nouveau bureau lillois, elle entend \u00ab\u00a0\u00eatre encore plus proche de leurs besoins et <b>accompagner de nouvelles entreprises locales<\/b> dans leur gestion RH\u00a0\u00bb.<\/p>\n<p>Une cr\u00e9ation de 50 emplois dans la m\u00e9tropole lilloise<\/p>\n<p data-end=\"1668\" class=\" wall-content\">L\u2019ouverture de son bureau cet \u00e9t\u00e9 s\u2019accompagne de la cr\u00e9ation de 50 <a href=\"https:\/\/actu.fr\/tag\/emploi\" target=\"_blank\" rel=\"noopener\">emplois<\/a> dans les prochains mois, \u00ab\u00a0avec comme priorit\u00e9s le recrutement de commerciaux\u00a0\u00bb. L\u2019objectif annonc\u00e9 est de <b>b\u00e2tir une \u00e9quipe locale d\u00e9di\u00e9e \u00e0 l\u2019accompagnement des entreprises<\/b> du Nord et d\u2019atteindre 100 collaborateurs \u00e0 Lille en 2026.<\/p>\n<p>Votre r\u00e9gion, votre actu !<\/p>\n<p>Recevez chaque jour les infos qui comptent pour vous.<\/p>\n<p>\t<a href=\"https:\/\/actu.fr\/newsletter\" class=\"ac-btn ac-btn--corner ac-btn--medium ac-btn--blue800\" target=\"_blank\" rel=\"noopener\">S&rsquo;incrire<\/a><\/p>\n<p data-end=\"1956\" class=\" wall-content\">\u00ab\u00a0\u00catre au plus pr\u00e8s des \u00e9quipes de terrain est au c\u0153ur de notre mission. En nous implantant \u00e0 Lille, nous allons encore mieux comprendre les r\u00e9alit\u00e9s locales et <b>apporter un soutien plus fort aux entreprises<\/b> du Nord\u00a0\u00bb, se r\u00e9jouit Quitterie Mathelin-Moreaux, CEO et cofondatrice de Skello.<\/p>\n<p data-end=\"3075\" class=\" wall-content\">\u00c0 la t\u00eate du bureau lillois, l\u2019entreprise a d\u00e9cid\u00e9 de nommer \u00ab\u00a0un profil embl\u00e9matique de nos engagements\u00a0\u00bb, assure Skello. C\u2019est en effet <b>Marc-Antoine Waymel qui dirige les lieux<\/b>. Arriv\u00e9 comme stagiaire dans l\u2019entreprise il y a 3 ans avant d\u2019occuper plusieurs postes, il vient tout juste d\u2019\u00eatre promu responsable. \u00ab\u00a0Une trajectoire qui illustre notre volont\u00e9 de<b> donner leur chance aux jeunes talents<\/b> et notre capacit\u00e9 \u00e0 fid\u00e9liser nos collaborateurs\u00a0\u00bb.<\/p>\n<p data-end=\"3301\" class=\" wall-content\">Une premi\u00e8re \u00e9quipe de dix personnes est d\u00e9j\u00e0 op\u00e9rationnelle \u00e0 Lille. Ils seront rejoints dans les prochains mois par d\u2019autres talents pour <b>acc\u00e9l\u00e9rer la dynamique et r\u00e9pondre aux besoins croissants<\/b> des entreprises du Nord.<\/p>\n<p data-end=\"3301\" class=\" wall-content\">Plus d\u2019infos sur le site <a href=\"https:\/\/www.skello.io\/\" target=\"_blank\" rel=\"noopener\">skello.io<\/a><\/p>\n<p class=\" wall-content\">Personnalisez votre actualit\u00e9 en ajoutant vos villes et m\u00e9dias en favori avec <a href=\"https:\/\/moncompte.actu.fr\" title=\"D\u00e9couvez Mon Actu\" rel=\"nofollow noopener\" data-trk=\"{&quot;cta&quot;:{&quot;action&quot;:&quot;https:\\\/\\\/moncompte.actu.fr&quot;,&quot;category&quot;:&quot;mon compte&quot;,&quot;from&quot;:&quot;article footer&quot;,&quot;name&quot;:&quot;Mon actu&quot;,&quot;type&quot;:&quot;cta&quot;}}\" target=\"_blank\">Mon Actu<\/a>.<\/p>\n","protected":false},"excerpt":{"rendered":"Par Nicolas Demollien Publi\u00e9 le 25 sept. 2025 \u00e0 8h04 C\u2019est une \u00ab\u00a0d\u00e9cision strat\u00e9gique majeure\u00a0\u00bb. Apr\u00e8s son implantation&hellip;\n","protected":false},"author":2,"featured_media":416246,"comment_status":"","ping_status":"","sticky":false,"template":"","format":"standard","meta":{"footnotes":""},"categories":[2815],"tags":[1111,11,33,341,1777,674,1011,27,811,1307,12,25],"class_list":{"0":"post-416245","1":"post","2":"type-post","3":"status-publish","4":"format-standard","5":"has-post-thumbnail","7":"category-lille","8":"tag-actu","9":"tag-actualites","10":"tag-economie","11":"tag-emploi","12":"tag-eu","13":"tag-europe","14":"tag-fr","15":"tag-france","16":"tag-hauts-de-france","17":"tag-lille","18":"tag-news","19":"tag-republique-francaise"},"share_on_mastodon":{"url":"https:\/\/pubeurope.com\/@fr\/115264440526526275","error":""},"_links":{"self":[{"href":"https:\/\/www.europesays.com\/fr\/wp-json\/wp\/v2\/posts\/416245","targetHints":{"allow":["GET"]}}],"collection":[{"href":"https:\/\/www.europesays.com\/fr\/wp-json\/wp\/v2\/posts"}],"about":[{"href":"https:\/\/www.europesays.com\/fr\/wp-json\/wp\/v2\/types\/post"}],"author":[{"embeddable":true,"href":"https:\/\/www.europesays.com\/fr\/wp-json\/wp\/v2\/users\/2"}],"replies":[{"embeddable":true,"href":"https:\/\/www.europesays.com\/fr\/wp-json\/wp\/v2\/comments?post=416245"}],"version-history":[{"count":0,"href":"https:\/\/www.europesays.com\/fr\/wp-json\/wp\/v2\/posts\/416245\/revisions"}],"wp:featuredmedia":[{"embeddable":true,"href":"https:\/\/www.europesays.com\/fr\/wp-json\/wp\/v2\/media\/416246"}],"wp:attachment":[{"href":"https:\/\/www.europesays.com\/fr\/wp-json\/wp\/v2\/media?parent=416245"}],"wp:term":[{"taxonomy":"category","embeddable":true,"href":"https:\/\/www.europesays.com\/fr\/wp-json\/wp\/v2\/categories?post=416245"},{"taxonomy":"post_tag","embeddable":true,"href":"https:\/\/www.europesays.com\/fr\/wp-json\/wp\/v2\/tags?post=416245"}],"curies":[{"name":"wp","href":"https:\/\/api.w.org\/{rel}","templated":true}]}}