{"id":416249,"date":"2025-09-25T10:23:10","date_gmt":"2025-09-25T10:23:10","guid":{"rendered":"https:\/\/www.europesays.com\/fr\/416249\/"},"modified":"2025-09-25T10:23:10","modified_gmt":"2025-09-25T10:23:10","slug":"le-prefet-soppose-a-la-creation-dune-salle-de-shoot-dans-le-centre-ville","status":"publish","type":"post","link":"https:\/\/www.europesays.com\/fr\/416249\/","title":{"rendered":"Le pr\u00e9fet s\u2019oppose \u00e0 la cr\u00e9ation d\u2019une salle de shoot dans le centre-ville"},"content":{"rendered":"<p>C\u2019est une fin de non-recevoir. Jeudi, le pr\u00e9fet des <a href=\"https:\/\/www.20minutes.fr\/dossier\/bouches-rhone\" class=\"c-link c-link--is-underlined\" target=\"_blank\" rel=\"noopener\">Bouches-du-Rh\u00f4ne<\/a>, Georges-Fran\u00e7ois Leclerc a clairement affirm\u00e9 son opposition \u00e0 la cr\u00e9ation d\u2019une halte soins addictions (HSA) dans le centre-ville de <a href=\"https:\/\/www.20minutes.fr\/marseille\/\" class=\"c-link c-link--is-underlined\" target=\"_blank\" rel=\"noopener\">Marseille<\/a>. Cette <a href=\"https:\/\/www.20minutes.fr\/dossier\/salle_de_shoot\" class=\"c-link c-link--is-underlined\" target=\"_blank\" rel=\"noopener\">salle de shoot<\/a> est pourtant demand\u00e9e par deux collectifs d\u2019habitants, alli\u00e9s \u00e0 cinq associations et ONG sp\u00e9cialis\u00e9es, dont M\u00e9decins du Monde, face \u00e0 l\u2019explosion de la <a href=\"https:\/\/www.20minutes.fr\/dossier\/toxicomanie\" class=\"c-link c-link--is-underlined\" target=\"_blank\" rel=\"noopener\">toxicomanie<\/a> dans les rues, notamment celles du quartier populaire de <a href=\"https:\/\/www.20minutes.fr\/faits_divers\/faits-divers-marseille\/4170839-20250902-attaque-marseille-ca-courait-apres-puis-police-abattu-quartier-belsunce-sous-choc\" class=\"c-link c-link--is-underlined\" target=\"_blank\" rel=\"noopener\">Belsunce<\/a> (1er arrondissement).<\/p>\n<p>\u00ab\u00a0Priorit\u00e9 \u00e0 la r\u00e9pression\u00a0\u00bb<\/p>\n<p>\u00ab\u00a0Si on ouvre une halte soins addictions, on assume le fait de ne pas mener d\u2019interpellations, or ce n\u2019est pas l\u2019arbitrage qui a \u00e9t\u00e9 choisi\u00a0\u00bb, assume le pr\u00e9fet, pointant un effet \u00ab\u00a0contradictoire\u00a0\u00bb. Et d\u2019ajouter\u00a0: \u00ab\u00a0Un traitement m\u00e9dical est n\u00e9cessaire, mais la priorit\u00e9 est \u00e0 la r\u00e9pression\u00a0\u00bb.<\/p>\n<\/p>\n<p>Le centre-ville de Marseille fait l\u2019objet d\u2019une attention particuli\u00e8re de la part des forces de l\u2019ordre, avec un d\u00e9ploiement de la strat\u00e9gie de \u00ab\u00a0pilonnage\u00a0\u00bb contre la d\u00e9linquance d\u00e9j\u00e0 \u00e9prouv\u00e9e dans les <a href=\"https:\/\/www.20minutes.fr\/dossier\/quartiers_nord\" class=\"c-link c-link--is-underlined\" target=\"_blank\" rel=\"noopener\">quartiers Nord<\/a> de la ville. \u00ab\u00a0C\u2019est sur l\u2019hypercentre que se concentrent nos priorit\u00e9s\u00a0\u00bb, a affirm\u00e9 Georges-Fran\u00e7ois Leclerc, \u00e0 l\u2019occasion d\u2019un point presse. Selon les chiffres de la pr\u00e9fecture des Bouches-du-Rh\u00f4ne, 25 policiers sont venus renforcer la division \u00ab\u00a0centre\u00a0\u00bb depuis le 1er\u00a0septembre, tandis qu\u2019une compagnie de CRS est positionn\u00e9e quotidiennement.<\/p>\n<p>Par ailleurs, la cr\u00e9ation d\u2019un groupe local de traitement de la d\u00e9linquance (GLTD) dans le secteur \u00ab\u00a0centre\u00a0\u00bb a \u00e9t\u00e9 annonc\u00e9e par le procureur de la R\u00e9publique de Marseille, Nicolas Bessone. Ses objectifs et son p\u00e9rim\u00e8tre doivent \u00eatre d\u00e9finis dans les prochains jours.<\/p>\n<p>Projet enterr\u00e9<\/p>\n<p>Un premier projet de halte soins addictions avait \u00e9t\u00e9 envisag\u00e9 \u00e0 Marseille, puis stopp\u00e9 <a href=\"https:\/\/www.20minutes.fr\/societe\/4071309-20240118-salle-shoot-marseille-soulagement-riverains-victoire-droite-locale\" class=\"c-link c-link--is-underlined\" target=\"_blank\" rel=\"noopener\">dans sa derni\u00e8re ligne droite d\u00e9but\u00a02024<\/a> \u00e0 la suite de manifestations de riverains et d\u2019oppositions politiques, \u00e0 l\u2019instar de celle de l\u2019ex-secr\u00e9taire d\u2019Etat \u00e0 la citoyennet\u00e9 et \u00e0 la ville, <a href=\"https:\/\/www.20minutes.fr\/politique\/sabrina-agresti-roubache\/\" class=\"c-link c-link--is-underlined\" target=\"_blank\" rel=\"noopener\">Sabrina Agresti-Roubache<\/a>.<\/p>\n<p><a href=\"https:\/\/www.20minutes.fr\/marseille\/\" class=\"c-link c-btn c-btn--primary\" target=\"_blank\" rel=\"noopener\">Retrouvez ici toutes nos actualit\u00e9s sur Marseille<\/a><\/p>\n<p>Pourtant plusieurs personnalit\u00e9s y sont favorables, telle que <a href=\"https:\/\/www.20minutes.fr\/politique\/michele-rubirola\/\" class=\"c-link c-link--is-underlined\" target=\"_blank\" rel=\"noopener\">Mich\u00e8le Rubirola<\/a>, adjointe au maire charg\u00e9e de la sant\u00e9 publique. Le procureur Nicolas Bessone avait lui-m\u00eame appel\u00e9 sur <a href=\"https:\/\/rmc.bfmtv.com\/actualites\/police-justice\/video-drogue-a-marseille-il-faut-des-soins-affirme-le-procureur-nicolas-bessone_VN-202508050165.html\" rel=\"nofollow noopener\" target=\"_blank\" class=\"c-link c-link--is-underlined\">RMC<\/a> d\u00e9but ao\u00fbt \u00e0 \u00ab\u00a0traiter le consommateur toxicomane de mani\u00e8re sanitaire\u00a0\u00bb tout en reconnaissant que le sujet \u00e9tait \u00ab\u00a0corrosif\u00a0\u00bb.<\/p>\n","protected":false},"excerpt":{"rendered":"C\u2019est une fin de non-recevoir. Jeudi, le pr\u00e9fet des Bouches-du-Rh\u00f4ne, Georges-Fran\u00e7ois Leclerc a clairement affirm\u00e9 son opposition \u00e0&hellip;\n","protected":false},"author":2,"featured_media":416250,"comment_status":"","ping_status":"","sticky":false,"template":"","format":"standard","meta":{"footnotes":""},"categories":[2814],"tags":[1111,11,885,11898,1777,674,1011,27,884,12,883,1072,14583,882,1306,25,42817,34850],"class_list":{"0":"post-416249","1":"post","2":"type-post","3":"status-publish","4":"format-standard","5":"has-post-thumbnail","7":"category-marseille","8":"tag-actu","9":"tag-actualites","10":"tag-bouches-du-rhone","11":"tag-centre-ville","12":"tag-eu","13":"tag-europe","14":"tag-fr","15":"tag-france","16":"tag-marseille","17":"tag-news","18":"tag-paca","19":"tag-police","20":"tag-prefet","21":"tag-provence-alpes-cote-dazur","22":"tag-regions","23":"tag-republique-francaise","24":"tag-salle-de-shoot","25":"tag-toxicomanie"},"share_on_mastodon":{"url":"https:\/\/pubeurope.com\/@fr\/115264448450467541","error":""},"_links":{"self":[{"href":"https:\/\/www.europesays.com\/fr\/wp-json\/wp\/v2\/posts\/416249","targetHints":{"allow":["GET"]}}],"collection":[{"href":"https:\/\/www.europesays.com\/fr\/wp-json\/wp\/v2\/posts"}],"about":[{"href":"https:\/\/www.europesays.com\/fr\/wp-json\/wp\/v2\/types\/post"}],"author":[{"embeddable":true,"href":"https:\/\/www.europesays.com\/fr\/wp-json\/wp\/v2\/users\/2"}],"replies":[{"embeddable":true,"href":"https:\/\/www.europesays.com\/fr\/wp-json\/wp\/v2\/comments?post=416249"}],"version-history":[{"count":0,"href":"https:\/\/www.europesays.com\/fr\/wp-json\/wp\/v2\/posts\/416249\/revisions"}],"wp:featuredmedia":[{"embeddable":true,"href":"https:\/\/www.europesays.com\/fr\/wp-json\/wp\/v2\/media\/416250"}],"wp:attachment":[{"href":"https:\/\/www.europesays.com\/fr\/wp-json\/wp\/v2\/media?parent=416249"}],"wp:term":[{"taxonomy":"category","embeddable":true,"href":"https:\/\/www.europesays.com\/fr\/wp-json\/wp\/v2\/categories?post=416249"},{"taxonomy":"post_tag","embeddable":true,"href":"https:\/\/www.europesays.com\/fr\/wp-json\/wp\/v2\/tags?post=416249"}],"curies":[{"name":"wp","href":"https:\/\/api.w.org\/{rel}","templated":true}]}}