{"id":416251,"date":"2025-09-25T10:24:12","date_gmt":"2025-09-25T10:24:12","guid":{"rendered":"https:\/\/www.europesays.com\/fr\/416251\/"},"modified":"2025-09-25T10:24:12","modified_gmt":"2025-09-25T10:24:12","slug":"mort-dune-septuagenaire-apres-une-chute-du-7e-etage-a-marseille","status":"publish","type":"post","link":"https:\/\/www.europesays.com\/fr\/416251\/","title":{"rendered":"Mort d&rsquo;une septuag\u00e9naire apr\u00e8s une chute du 7e \u00e9tage \u00e0 Marseille"},"content":{"rendered":"<p>Une septuag\u00e9naire est morte ce jeudi matin 25\u00a0septembre apr\u00e8s une chute de 7 \u00e9tages, dans le 1er arrondissement de Marseille. Elle se serait d\u00e9fenestr\u00e9e.<\/p>\n<p>Il \u00e9tait aux alentours de 9\u00a0h\u00a045 lorsque les marins-pompiers sont intervenus <a href=\"https:\/\/www.laprovence.com\/article\/region\/2438580477620515\/marseille-tout-reste-a-faire-pour-batir-lilot-canebiere-gambetta\" target=\"_blank\" rel=\"noopener\">all\u00e9e L\u00e9on Gambetta<\/a> pour ce qui, dans le jargon, est qualifi\u00e9 de \u00ab\u00a0chute sup\u00e9rieure \u00e0 3 m\u00e8tres\u00a0\u00bb et justifie l&rsquo;envoi de certains moyens particuliers.<\/p>\n<p>Une enqu\u00eate a \u00e9t\u00e9 ouverte<\/p>\n<p>Mais en d\u00e9pit de la mobilisation d&rsquo;une dizaine de marins-pompiers et du Samu, les secours n&rsquo;ont rien pu faire r\u00e9animer la victime. \u00c2g\u00e9e de 70 ans, elle a \u00e9t\u00e9 d\u00e9clar\u00e9e par le m\u00e9decin du Samu peu apr\u00e8s la chute fatale qu&rsquo;elle aurait effectu\u00e9 en se jetant du 7e \u00e9tage d&rsquo;un immeuble.<\/p>\n<p>Une enqu\u00eate de police a \u00e9t\u00e9 ouverte afin de d\u00e9terminer les circonstances exactes de ce drame.<\/p>\n","protected":false},"excerpt":{"rendered":"Une septuag\u00e9naire est morte ce jeudi matin 25\u00a0septembre apr\u00e8s une chute de 7 \u00e9tages, dans le 1er arrondissement&hellip;\n","protected":false},"author":2,"featured_media":416252,"comment_status":"","ping_status":"","sticky":false,"template":"","format":"standard","meta":{"footnotes":""},"categories":[2814],"tags":[17,1111,11,150,1102,837,4440,8990,1777,674,274,1011,27,884,18,12,882,25,37561,96],"class_list":{"0":"post-416251","1":"post","2":"type-post","3":"status-publish","4":"format-standard","5":"has-post-thumbnail","7":"category-marseille","8":"tag-17","9":"tag-actu","10":"tag-actualites","11":"tag-apres","12":"tag-breakingnews","13":"tag-chute","14":"tag-dune","15":"tag-etage","16":"tag-eu","17":"tag-europe","18":"tag-faits-divers-justice","19":"tag-fr","20":"tag-france","21":"tag-marseille","22":"tag-mort","23":"tag-news","24":"tag-provence-alpes-cote-dazur","25":"tag-republique-francaise","26":"tag-septuagenaire","27":"tag-une"},"share_on_mastodon":{"url":"https:\/\/pubeurope.com\/@fr\/115264452358095037","error":""},"_links":{"self":[{"href":"https:\/\/www.europesays.com\/fr\/wp-json\/wp\/v2\/posts\/416251","targetHints":{"allow":["GET"]}}],"collection":[{"href":"https:\/\/www.europesays.com\/fr\/wp-json\/wp\/v2\/posts"}],"about":[{"href":"https:\/\/www.europesays.com\/fr\/wp-json\/wp\/v2\/types\/post"}],"author":[{"embeddable":true,"href":"https:\/\/www.europesays.com\/fr\/wp-json\/wp\/v2\/users\/2"}],"replies":[{"embeddable":true,"href":"https:\/\/www.europesays.com\/fr\/wp-json\/wp\/v2\/comments?post=416251"}],"version-history":[{"count":0,"href":"https:\/\/www.europesays.com\/fr\/wp-json\/wp\/v2\/posts\/416251\/revisions"}],"wp:featuredmedia":[{"embeddable":true,"href":"https:\/\/www.europesays.com\/fr\/wp-json\/wp\/v2\/media\/416252"}],"wp:attachment":[{"href":"https:\/\/www.europesays.com\/fr\/wp-json\/wp\/v2\/media?parent=416251"}],"wp:term":[{"taxonomy":"category","embeddable":true,"href":"https:\/\/www.europesays.com\/fr\/wp-json\/wp\/v2\/categories?post=416251"},{"taxonomy":"post_tag","embeddable":true,"href":"https:\/\/www.europesays.com\/fr\/wp-json\/wp\/v2\/tags?post=416251"}],"curies":[{"name":"wp","href":"https:\/\/api.w.org\/{rel}","templated":true}]}}