{"id":416259,"date":"2025-09-25T10:28:10","date_gmt":"2025-09-25T10:28:10","guid":{"rendered":"https:\/\/www.europesays.com\/fr\/416259\/"},"modified":"2025-09-25T10:28:10","modified_gmt":"2025-09-25T10:28:10","slug":"un-an-du-peripherique-a-50-km-h-manifestation-des-agriculteurs-linfo-a-midi-en-ile-de-france","status":"publish","type":"post","link":"https:\/\/www.europesays.com\/fr\/416259\/","title":{"rendered":"Un an du p\u00e9riph\u00e9rique \u00e0 50 km\/h, manifestation des agriculteurs&#8230; L\u2019info \u00e0 midi en \u00cele-de-France"},"content":{"rendered":"<p>            Par<br \/>\n        <strong><br \/>\n            <a href=\"https:\/\/actu.fr\/auteur\/redaction-paris\" title=\"Consulter tous les articles de R\u00e9daction Paris\" target=\"_blank\" rel=\"noopener\">R\u00e9daction Paris<\/a><br \/>\n        <\/strong><\/p>\n<p>        Publi\u00e9 le<\/p>\n<p>            25 sept. 2025 \u00e0 12h12        <\/p>\n<p>L\u2019actualit\u00e9 est riche ce jeudi 25 septembre 2025. Que s\u2019est-il pass\u00e9 \u00e0 midi \u00e0 Paris et en \u00cele-de-France ? Voici l\u2019essentiel des informations : dans les Hauts-de-Seine, une chauss\u00e9e s\u2019est effondr\u00e9e ; en Seine-et-Marne, la manifestation des agriculteurs est en pr\u00e9paration ; et en Seine-Saint-Denis, le p\u00e9riph\u00e9rique \u00e0 50 km\/h f\u00eate son premier anniversaire.<\/p>\n<p>Les informations \u00e0 retenir ce jeudi 25 septembre 2025, \u00e0 midi, en \u00cele-de-France<\/p>\n<p class=\"expresso-item wall-content\"><strong>Essonne. <\/strong><a title=\"Lire l&#039;article\" href=\"https:\/\/actu.fr\/ile-de-france\/sainte-genevieve-des-bois_91549\/un-veritable-cauchemar-en-essonne-une-nourrice-sequestree-puis-tasee-et-battue-a-coups-de-batte_63210253.html\" target=\"_blank\" rel=\"noopener\">\u00ab\u00a0Un v\u00e9ritable cauchemar\u00a0\u00bb : une \u00ab\u00a0nourrice\u00a0\u00bb s\u00e9questr\u00e9e puis tas\u00e9e et battue \u00e0 coups de batte<\/a><br \/>Trois mois apr\u00e8s avoir \u00e9t\u00e9 s\u00e9questr\u00e9 par plusieurs individus, un homme a \u00e9t\u00e9 jug\u00e9 au tribunal pour avoir stock\u00e9 chez sa m\u00e8re, \u00e0 Sainte-Genevi\u00e8ve-des-Bois, plus de 2 kg de drogues.<\/p>\n<p class=\"expresso-item wall-content\"><strong>Seine-et-Marne. <\/strong><a title=\"Lire l&#039;article\" href=\"https:\/\/actu.fr\/societe\/manifestation-des-agriculteurs-a-quoi-sattendre-sur-les-routes-de-seine-et-marne_63209882.html\" target=\"_blank\" rel=\"noopener\">Manifestation des agriculteurs : \u00e0 quoi s\u2019attendre sur les routes ?<\/a><br \/>La FNSEA a annonc\u00e9 une journ\u00e9e d\u2019action des agriculteurs vendredi 26\u00a0septembre, notamment contre les accords du Mercosur. Quel sera l\u2019impact sur les routes de Seine-et-Marne\u2009?<\/p>\n<p class=\"expresso-item wall-content\"><strong>Hauts-de-Seine. <\/strong><a title=\"Lire l&#039;article\" href=\"https:\/\/actu.fr\/faits-divers\/violences-sexuelles-a-la-maitrise-des-hauts-de-seine-la-chorale-desormais-geree-par-le-departement_63208129.html\" target=\"_blank\" rel=\"noopener\">Violences sexuelles \u00e0 la Ma\u00eetrise : la chorale d\u00e9sormais g\u00e9r\u00e9e par le d\u00e9partement<\/a><br \/>La Ma\u00eetrise des Hauts-de-Seine passe sous le contr\u00f4le direct du d\u00e9partement. Ga\u00ebl Darchen, son ancien directeur, vis\u00e9 par plusieurs plaintes, a \u00e9t\u00e9 \u00e9vinc\u00e9.<\/p>\n<p class=\"expresso-item wall-content\"><strong>Paris.<\/strong> <a title=\"Lire l&#039;article\" href=\"https:\/\/actu.fr\/ile-de-france\/paris_75056\/a-paris-la-mythique-boite-de-nuit-la-main-jaune-s-apprete-a-vivre-une-deuxieme-jeunesse_63196298.html\" target=\"_blank\" rel=\"noopener\">La mythique bo\u00eete de nuit La Main Jaune s\u2019appr\u00eate \u00e0 vivre une deuxi\u00e8me jeunesse<\/a><br \/>Apr\u00e8s un vaste chantier de r\u00e9habilitation de La Main Jaune, c\u00e9l\u00e8bre bo\u00eete de nuit des ann\u00e9es 1980 de l\u2019ouest de Paris, un club de roller disco va rena\u00eetre de ses cendres.<\/p>\n<p class=\"expresso-item wall-content\"><strong>Seine-Saint-Denis. <\/strong><a title=\"Lire l&#039;article\" href=\"https:\/\/actu.fr\/ile-de-france\/paris_75056\/un-an-du-peripherique-a-50-km-h-a-paris-moins-de-bruit-mais-une-perte-de-temps-pour-les-automobilistes_63211521.html\" target=\"_blank\" rel=\"noopener\">Un an du p\u00e9riph\u00e9rique \u00e0 50 km\/h : moins de bruit mais \u00ab\u00a0une perte de temps\u00a0\u00bb pour les automobilistes<\/a><br \/>Le mardi 1er octobre 2024, la vitesse du p\u00e9riph\u00e9rique de Paris \u00e9tait abaiss\u00e9e \u00e0 50 km\/h. Un an plus tard, un premier bilan est tir\u00e9 et d\u00e9voile les limites de la mesure.<\/p>\n<p class=\" wall-content\"><strong>Suivez-nous pour en savoir plus\u2009!<\/strong><br \/>Vous voulez plus d\u2019infos sur l\u2019\u00cele-de-France\u2009? Vous pouvez nous retrouver sur actu \u00cele-de-France. Pour nous suivre sur les r\u00e9seaux sociaux, dans vos d\u00e9partements\u2009:<\/p>\n<p class=\" wall-content\"><strong>Paris<\/strong>\u2009: retrouvez\u00a0actu\u00a0Paris\u00a0sur\u00a0<a href=\"https:\/\/www.facebook.com\/actufr.paris\/\" target=\"_blank\" rel=\"noopener\">Facebook<\/a>\u00a0et\u00a0<a href=\"https:\/\/twitter.com\/actufrparis\" target=\"_blank\" rel=\"noopener\">Twitter<\/a>\u2009;<br \/><strong>Seine-et-Marne<\/strong>\u2009: retrouvez\u00a0La R\u00e9publique de Seine-et-Marne\u00a0(sud) sur\u00a0<a href=\"https:\/\/www.facebook.com\/RepubliqueSeineMarne\/\" target=\"_blank\" rel=\"noopener\">Facebook<\/a>\u00a0et\u00a0<a href=\"https:\/\/twitter.com\/LaRep77\" target=\"_blank\" rel=\"noopener\">Twitter<\/a>\u2009;\u00a0La Marne\u00a0(nord) sur\u00a0<a href=\"https:\/\/www.facebook.com\/journallarmarne\/?__tn__=%2Cd%2CP-R&amp;eid=ARDLZc91LaHbXzDwChLLLQJVMBLx_ABJremTC2-RG0CYvg0f4f8CLvbV5G1Lli4g_6QoXDcKkU1_LX1W\" target=\"_blank\" rel=\"noopener\">Facebook<\/a>\u00a0et\u00a0<a href=\"https:\/\/twitter.com\/JournalLaMarne\" target=\"_blank\" rel=\"noopener\">Twitter<\/a>\u2009; et\u00a0Le Pays Briard\u00a0sur\u00a0<a href=\"https:\/\/www.facebook.com\/LePaysBriard\/?ref=bookmarks\" target=\"_blank\" rel=\"noopener\">Facebook<\/a>\u00a0et\u00a0<a href=\"https:\/\/twitter.com\/LePaysBriard\" target=\"_blank\" rel=\"noopener\">Twitter<\/a>\u2009;<br \/><strong>Yvelines\u2009:<\/strong>\u00a0retrouvez\u00a078actu\u00a0sur\u00a0<a href=\"https:\/\/www.facebook.com\/78actu\/\" target=\"_blank\" rel=\"noopener\">Facebook<\/a>\u00a0et\u00a0<a href=\"https:\/\/x.com\/78actu\">Twitter<\/a>\u2009;<br \/><strong>Essonne\u2009:<\/strong>\u00a0retrouvez\u00a0actu Essonne\u00a0sur\u00a0<a href=\"https:\/\/www.facebook.com\/actuessonne\/?ref=br_rs\" target=\"_blank\" rel=\"noopener\">Facebook<\/a>\u00a0et\u00a0<a href=\"https:\/\/twitter.com\/ActuEssonne\" target=\"_blank\" rel=\"noopener\">Twitter<\/a>\u2009;<br \/><strong>Hauts-de-Seine\u2009:<\/strong>\u00a0retrouvez\u00a0actu\u00a0Hauts-de-Seine\u00a0sur\u00a0<a href=\"https:\/\/www.facebook.com\/actufr.hautsdeseine\/\" target=\"_blank\" rel=\"noopener\">Facebook<\/a>\u00a0et\u00a0<a href=\"https:\/\/twitter.com\/actufr92\" target=\"_blank\" rel=\"noopener\">Twitter<\/a>\u2009;<br \/><strong>Seine-Saint-Denis\u2009:<\/strong>\u00a0retrouvez actu Seine-Saint-Denis sur\u00a0<a href=\"https:\/\/www.facebook.com\/actufr.seinesaintdenis\/\" target=\"_blank\" rel=\"noopener\">Facebook<\/a>\u00a0et\u00a0<a href=\"https:\/\/x.com\/Actufr93\">Twitter<\/a>\u2009;<br \/><strong>Val-de-Marne\u2009:\u00a0<\/strong>retrouvez actu Val-de-Marne sur\u00a0<a href=\"https:\/\/www.facebook.com\/actu94.valdemarne\/\" target=\"_blank\" rel=\"noopener\">Facebook\u00a0<\/a>et\u00a0<a href=\"https:\/\/x.com\/actufr94\">Twitter\u2009<\/a>;<br \/><strong>Val-d\u2019Oise\u2009:<\/strong>\u00a0retrouvez La Gazette du Val-d\u2019Oise sur\u00a0<a href=\"https:\/\/x.com\/actufr94\">Twitter<\/a><\/p>\n<p class=\" wall-content\">Personnalisez votre actualit\u00e9 en ajoutant vos villes et m\u00e9dias en favori avec <a href=\"https:\/\/moncompte.actu.fr\" title=\"D\u00e9couvez Mon Actu\" rel=\"nofollow noopener\" data-trk=\"{&quot;cta&quot;:{&quot;action&quot;:&quot;https:\\\/\\\/moncompte.actu.fr&quot;,&quot;category&quot;:&quot;mon compte&quot;,&quot;from&quot;:&quot;article footer&quot;,&quot;name&quot;:&quot;Mon actu&quot;,&quot;type&quot;:&quot;cta&quot;}}\" target=\"_blank\">Mon Actu<\/a>.<\/p>\n<p>                    <script async src=\"https:\/\/platform.twitter.com\/widgets.js\" charset=\"utf-8\"><\/script><\/p>\n","protected":false},"excerpt":{"rendered":"Par R\u00e9daction Paris Publi\u00e9 le 25 sept. 2025 \u00e0 12h12 L\u2019actualit\u00e9 est riche ce jeudi 25 septembre 2025.&hellip;\n","protected":false},"author":2,"featured_media":208879,"comment_status":"","ping_status":"","sticky":false,"template":"","format":"standard","meta":{"footnotes":""},"categories":[1592],"tags":[1111,11,327,3542,1777,674,1011,27,662,12,626,4013,25,104],"class_list":{"0":"post-416259","1":"post","2":"type-post","3":"status-publish","4":"format-standard","5":"has-post-thumbnail","7":"category-ile-de-france","8":"tag-actu","9":"tag-actualites","10":"tag-agriculture","11":"tag-circulation","12":"tag-eu","13":"tag-europe","14":"tag-fr","15":"tag-france","16":"tag-ile-de-france","17":"tag-news","18":"tag-paris","19":"tag-peripherique","20":"tag-republique-francaise","21":"tag-societe"},"share_on_mastodon":{"url":"https:\/\/pubeurope.com\/@fr\/115264468203615189","error":""},"_links":{"self":[{"href":"https:\/\/www.europesays.com\/fr\/wp-json\/wp\/v2\/posts\/416259","targetHints":{"allow":["GET"]}}],"collection":[{"href":"https:\/\/www.europesays.com\/fr\/wp-json\/wp\/v2\/posts"}],"about":[{"href":"https:\/\/www.europesays.com\/fr\/wp-json\/wp\/v2\/types\/post"}],"author":[{"embeddable":true,"href":"https:\/\/www.europesays.com\/fr\/wp-json\/wp\/v2\/users\/2"}],"replies":[{"embeddable":true,"href":"https:\/\/www.europesays.com\/fr\/wp-json\/wp\/v2\/comments?post=416259"}],"version-history":[{"count":0,"href":"https:\/\/www.europesays.com\/fr\/wp-json\/wp\/v2\/posts\/416259\/revisions"}],"wp:featuredmedia":[{"embeddable":true,"href":"https:\/\/www.europesays.com\/fr\/wp-json\/wp\/v2\/media\/208879"}],"wp:attachment":[{"href":"https:\/\/www.europesays.com\/fr\/wp-json\/wp\/v2\/media?parent=416259"}],"wp:term":[{"taxonomy":"category","embeddable":true,"href":"https:\/\/www.europesays.com\/fr\/wp-json\/wp\/v2\/categories?post=416259"},{"taxonomy":"post_tag","embeddable":true,"href":"https:\/\/www.europesays.com\/fr\/wp-json\/wp\/v2\/tags?post=416259"}],"curies":[{"name":"wp","href":"https:\/\/api.w.org\/{rel}","templated":true}]}}