{"id":416270,"date":"2025-09-25T10:34:11","date_gmt":"2025-09-25T10:34:11","guid":{"rendered":"https:\/\/www.europesays.com\/fr\/416270\/"},"modified":"2025-09-25T10:34:11","modified_gmt":"2025-09-25T10:34:11","slug":"lukraine-perd-sa-federation-mais-en-retrouve-une-nouvelle-actualite","status":"publish","type":"post","link":"https:\/\/www.europesays.com\/fr\/416270\/","title":{"rendered":"L&rsquo;Ukraine perd sa f\u00e9d\u00e9ration mais en retrouve une nouvelle &#8211; Actualit\u00e9"},"content":{"rendered":"<p>            L&rsquo;Ukraine perd sa f\u00e9d\u00e9ration mais en retrouve une nouvelle &#8211; Actualit\u00e9 &#8211; DirectVelo<\/p>\n<p>        <a href=\"#mobile-search-modal\" class=\"close\" data-toggle=\"modal\"\/><br \/>\n        Rechercher<br \/>\n        une course, un coureur, une actualit\u00e9&#8230;<\/p>\n","protected":false},"excerpt":{"rendered":"L&rsquo;Ukraine perd sa f\u00e9d\u00e9ration mais en retrouve une nouvelle &#8211; Actualit\u00e9 &#8211; DirectVelo Rechercher une course, un coureur,&hellip;\n","protected":false},"author":2,"featured_media":416271,"comment_status":"","ping_status":"","sticky":false,"template":"","format":"standard","meta":{"footnotes":""},"categories":[1590],"tags":[11,834,828,836,829,837,827,83,826,824,823,207,814,817,815,816,822,821,1777,674,832,211,839,27,820,818,819,12,835,831,830,833,838,212,220,208,825],"class_list":{"0":"post-416270","1":"post","2":"type-post","3":"status-publish","4":"format-standard","5":"has-post-thumbnail","7":"category-ukraine","8":"tag-actualites","9":"tag-attaque","10":"tag-belgique","11":"tag-braquet","12":"tag-bretagne","13":"tag-chute","14":"tag-competition","15":"tag-coupe-de-france","16":"tag-coureur","17":"tag-course-cyclisme","18":"tag-course-cycliste","19":"tag-cyclisme","20":"tag-direct","21":"tag-direct-velo","22":"tag-directvelo","23":"tag-directvelo-com","24":"tag-epreuve","25":"tag-epreuve-cycliste","26":"tag-eu","27":"tag-europe","28":"tag-federation-francaise-de-cyclisme","29":"tag-ffc","30":"tag-flandres","31":"tag-france","32":"tag-live","33":"tag-live-course","34":"tag-live-epreuve","35":"tag-news","36":"tag-peloton","37":"tag-radio-peloton","38":"tag-radio-tour","39":"tag-ravitaillement","40":"tag-relance","41":"tag-uci","42":"tag-ukraine","43":"tag-velo","44":"tag-velos"},"share_on_mastodon":{"url":"https:\/\/pubeurope.com\/@fr\/115264491725742341","error":""},"_links":{"self":[{"href":"https:\/\/www.europesays.com\/fr\/wp-json\/wp\/v2\/posts\/416270","targetHints":{"allow":["GET"]}}],"collection":[{"href":"https:\/\/www.europesays.com\/fr\/wp-json\/wp\/v2\/posts"}],"about":[{"href":"https:\/\/www.europesays.com\/fr\/wp-json\/wp\/v2\/types\/post"}],"author":[{"embeddable":true,"href":"https:\/\/www.europesays.com\/fr\/wp-json\/wp\/v2\/users\/2"}],"replies":[{"embeddable":true,"href":"https:\/\/www.europesays.com\/fr\/wp-json\/wp\/v2\/comments?post=416270"}],"version-history":[{"count":0,"href":"https:\/\/www.europesays.com\/fr\/wp-json\/wp\/v2\/posts\/416270\/revisions"}],"wp:featuredmedia":[{"embeddable":true,"href":"https:\/\/www.europesays.com\/fr\/wp-json\/wp\/v2\/media\/416271"}],"wp:attachment":[{"href":"https:\/\/www.europesays.com\/fr\/wp-json\/wp\/v2\/media?parent=416270"}],"wp:term":[{"taxonomy":"category","embeddable":true,"href":"https:\/\/www.europesays.com\/fr\/wp-json\/wp\/v2\/categories?post=416270"},{"taxonomy":"post_tag","embeddable":true,"href":"https:\/\/www.europesays.com\/fr\/wp-json\/wp\/v2\/tags?post=416270"}],"curies":[{"name":"wp","href":"https:\/\/api.w.org\/{rel}","templated":true}]}}