{"id":416274,"date":"2025-09-25T10:36:21","date_gmt":"2025-09-25T10:36:21","guid":{"rendered":"https:\/\/www.europesays.com\/fr\/416274\/"},"modified":"2025-09-25T10:36:21","modified_gmt":"2025-09-25T10:36:21","slug":"au-royaume-uni-la-droite-sen-prend-a-limmigration-legale-post-brexit","status":"publish","type":"post","link":"https:\/\/www.europesays.com\/fr\/416274\/","title":{"rendered":"au Royaume-Uni, la droite s\u2019en prend \u00e0 l\u2019immigration l\u00e9gale post-Brexit"},"content":{"rendered":"\n<p>\u201cComment le Brexit version Boris Johnson a ouvert la porte \u00e0 la plus grande vague d\u2019immigration de l\u2019histoire.\u201d L\u2019article au long cours <a href=\"https:\/\/www.telegraph.co.uk\/business\/2025\/09\/07\/boris-johnson-brexit-opened-door-to-biggest-wave-migrants\/\" target=\"_blank\" rel=\"noopener\">publi\u00e9 par <strong>The Sunday Telegraph<\/strong><\/a><strong>,<\/strong> dimanche 7\u00a0septembre, surprend \u00e0 plus d\u2019un titre. D\u2019une part, le journal eurosceptique semble, par le biais de cette enqu\u00eate au ton accusateur, tourner le dos au bilan de l\u2019ancien Premier ministre conservateur (2019-2022), visage de la campagne du Brexit.<\/p>\n<p>\u201cJohnson a r\u00e9p\u00e9t\u00e9 que le Brexit permettrait de \u2018reprendre le contr\u00f4le\u2019\u00a0de l\u2019immigration\u201d, ass\u00e8ne la publication conservatrice.<\/p>\n<p>Mais quatre ans apr\u00e8s la mise en place du <a href=\"https:\/\/www.courrierinternational.com\/article\/brexit-au-royaume-uni-un-visa-points-des-janvier-2021\" target=\"_blank\" rel=\"noopener\">programme de visa par points<\/a>, inspir\u00e9 du syst\u00e8me australien et pens\u00e9 pour attirer les travailleurs qualifi\u00e9s de la sph\u00e8re anglophone, \u201cle solde migratoire net s\u2019\u00e9tablit \u00e0 2,6\u00a0millions de personnes, soit une augmentation de 4\u00a0% de la population du Royaume-Uni\u201d. Par crainte d\u2019une p\u00e9nurie de main-d\u2019\u0153uvre, dans un contexte d\u2019exode des citoyens europ\u00e9ens, le gouvernement Johnson aurait fix\u00e9 la barre d\u2019entr\u00e9e trop bas au go\u00fbt du Sunday Telegraph. \u201cAu niveau du bac au lieu de celui des \u00e9tudes sup\u00e9rieures\u201d, comme pr\u00e9vu initialement.<\/p>\n<p> Blanchi par la presse conservatrice <\/p>\n<p>Surtout, le journal dominical reprend \u00e0 son compte un terme controvers\u00e9\u00a0: Boriswave, ou \u201cLa vague de Boris\u201d, cens\u00e9e d\u00e9signer l\u2019afflux de r<\/p>\n","protected":false},"excerpt":{"rendered":"\u201cComment le Brexit version Boris Johnson a ouvert la porte \u00e0 la plus grande vague d\u2019immigration de l\u2019histoire.\u201d&hellip;\n","protected":false},"author":2,"featured_media":416275,"comment_status":"","ping_status":"","sticky":false,"template":"","format":"standard","meta":{"footnotes":""},"categories":[1588],"tags":[11,5356,1353,1777,674,1892,1061,19865,12,10669,54638,316,473,1853,1851,1850,1852],"class_list":{"0":"post-416274","1":"post","2":"type-post","3":"status-publish","4":"format-standard","5":"has-post-thumbnail","7":"category-royaume-uni","8":"tag-actualites","9":"tag-boris-johnson","10":"tag-brexit","11":"tag-eu","12":"tag-europe","13":"tag-gu00e9opolitique","14":"tag-immigration","15":"tag-migrants-et-flux-migratoires","16":"tag-news","17":"tag-nigel-farage","18":"tag-parti-conservateur-royaume-uni","19":"tag-politique","20":"tag-royaume-uni","21":"tag-royaume-uni-de-grande-bretagne-et-dirlande-du-nord","22":"tag-uk","23":"tag-united-kingdom","24":"tag-united-kingdom-of-great-britain-and-northern-ireland"},"share_on_mastodon":{"url":"https:\/\/pubeurope.com\/@fr\/115264499822868234","error":""},"_links":{"self":[{"href":"https:\/\/www.europesays.com\/fr\/wp-json\/wp\/v2\/posts\/416274","targetHints":{"allow":["GET"]}}],"collection":[{"href":"https:\/\/www.europesays.com\/fr\/wp-json\/wp\/v2\/posts"}],"about":[{"href":"https:\/\/www.europesays.com\/fr\/wp-json\/wp\/v2\/types\/post"}],"author":[{"embeddable":true,"href":"https:\/\/www.europesays.com\/fr\/wp-json\/wp\/v2\/users\/2"}],"replies":[{"embeddable":true,"href":"https:\/\/www.europesays.com\/fr\/wp-json\/wp\/v2\/comments?post=416274"}],"version-history":[{"count":0,"href":"https:\/\/www.europesays.com\/fr\/wp-json\/wp\/v2\/posts\/416274\/revisions"}],"wp:featuredmedia":[{"embeddable":true,"href":"https:\/\/www.europesays.com\/fr\/wp-json\/wp\/v2\/media\/416275"}],"wp:attachment":[{"href":"https:\/\/www.europesays.com\/fr\/wp-json\/wp\/v2\/media?parent=416274"}],"wp:term":[{"taxonomy":"category","embeddable":true,"href":"https:\/\/www.europesays.com\/fr\/wp-json\/wp\/v2\/categories?post=416274"},{"taxonomy":"post_tag","embeddable":true,"href":"https:\/\/www.europesays.com\/fr\/wp-json\/wp\/v2\/tags?post=416274"}],"curies":[{"name":"wp","href":"https:\/\/api.w.org\/{rel}","templated":true}]}}