{"id":416276,"date":"2025-09-25T10:37:19","date_gmt":"2025-09-25T10:37:19","guid":{"rendered":"https:\/\/www.europesays.com\/fr\/416276\/"},"modified":"2025-09-25T10:37:19","modified_gmt":"2025-09-25T10:37:19","slug":"le-fondateur-du-jardin-flore-alpe-lie-a-lallemagne-nazie","status":"publish","type":"post","link":"https:\/\/www.europesays.com\/fr\/416276\/","title":{"rendered":"le fondateur du Jardin Flore-Alpe li\u00e9 \u00e0 l&rsquo;Allemagne nazie"},"content":{"rendered":"<p class=\"photoLegend\">Le jardin botanique Flore-Alpe \u00e0 Champex-Lac (VS) f\u00eatera son 100e anniversaire en 2027.<\/p>\n<p>Photo: KEYSTONE\/CYRIL ZINGARO<\/p>\n<p class=\"wysiwyg-h2\">La Fondation qui g\u00e8re le Jardin botanique Flore-Alpe \u00e0 Champex-Lac (VS) a d\u00e9couvert des &lsquo;\u00e9l\u00e9ments sensibles&rsquo; li\u00e9s au pass\u00e9 de son fondateur Jean-Marcel Aubert. L&rsquo;industriel et ing\u00e9nieur vaudois a activement particip\u00e9 \u00e0 l&rsquo;\u00e9conomie de guerre allemande entre 1940 et 1944.<\/p>\n<p>Les faits ont \u00e9t\u00e9 mis en lumi\u00e8re par des recherches men\u00e9es en marge du centenaire du parc alpin, en 2027, et d\u00e9voil\u00e9s jeudi en conf\u00e9rence de presse. La Fondation, reprise en 2008 par la commune d&rsquo;Orsi\u00e8res et le canton du Valais, invoque un &lsquo;devoir de m\u00e9moire&rsquo; et une &lsquo;communication assum\u00e9e&rsquo; sur le sujet.<\/p>\n<p>En plus de la reconnaissance publique et officielle des faits historiques &lsquo;sans minimisation ni volont\u00e9 d&rsquo;att\u00e9nuation&rsquo;, l&rsquo;institution a d\u00e9cid\u00e9 d&rsquo;abandonner le nom de Jean-Marcel Aubert au profit de &lsquo;Fondation du Jardin botanique Flore-Alpe.&rsquo;<\/p>\n<p>Un premier rapport datant de 2024 documente la participation, en France, de Jean-Marcel Aubert &lsquo;\u00e0 l&rsquo;aryanisation d&rsquo;entreprises en main juive au d\u00e9but de la guerre, notamment les Galeries Lafayette.&rsquo; Un rapport plus approfondi a \u00e9t\u00e9 remis en mai dernier.<\/p>\n<p>\/ATS<\/p>\n","protected":false},"excerpt":{"rendered":"Le jardin botanique Flore-Alpe \u00e0 Champex-Lac (VS) f\u00eatera son 100e anniversaire en 2027. Photo: KEYSTONE\/CYRIL ZINGARO La Fondation&hellip;\n","protected":false},"author":2,"featured_media":416277,"comment_status":"","ping_status":"","sticky":false,"template":"","format":"standard","meta":{"footnotes":""},"categories":[1587],"tags":[11,672,1804,1805,1803,33,1777,674,1801,20189,12,1802,20190,20191],"class_list":{"0":"post-416276","1":"post","2":"type-post","3":"status-publish","4":"format-standard","5":"has-post-thumbnail","7":"category-allemagne","8":"tag-actualites","9":"tag-allemagne","10":"tag-bundesrepublik-deutschland","11":"tag-de","12":"tag-deutschland","13":"tag-economie","14":"tag-eu","15":"tag-europe","16":"tag-germany","17":"tag-leman-bleu","18":"tag-news","19":"tag-republique-federale-dallemagne","20":"tag-television-geneve","21":"tag-television-nyon"},"share_on_mastodon":{"url":"https:\/\/pubeurope.com\/@fr\/115264503481388483","error":""},"_links":{"self":[{"href":"https:\/\/www.europesays.com\/fr\/wp-json\/wp\/v2\/posts\/416276","targetHints":{"allow":["GET"]}}],"collection":[{"href":"https:\/\/www.europesays.com\/fr\/wp-json\/wp\/v2\/posts"}],"about":[{"href":"https:\/\/www.europesays.com\/fr\/wp-json\/wp\/v2\/types\/post"}],"author":[{"embeddable":true,"href":"https:\/\/www.europesays.com\/fr\/wp-json\/wp\/v2\/users\/2"}],"replies":[{"embeddable":true,"href":"https:\/\/www.europesays.com\/fr\/wp-json\/wp\/v2\/comments?post=416276"}],"version-history":[{"count":0,"href":"https:\/\/www.europesays.com\/fr\/wp-json\/wp\/v2\/posts\/416276\/revisions"}],"wp:featuredmedia":[{"embeddable":true,"href":"https:\/\/www.europesays.com\/fr\/wp-json\/wp\/v2\/media\/416277"}],"wp:attachment":[{"href":"https:\/\/www.europesays.com\/fr\/wp-json\/wp\/v2\/media?parent=416276"}],"wp:term":[{"taxonomy":"category","embeddable":true,"href":"https:\/\/www.europesays.com\/fr\/wp-json\/wp\/v2\/categories?post=416276"},{"taxonomy":"post_tag","embeddable":true,"href":"https:\/\/www.europesays.com\/fr\/wp-json\/wp\/v2\/tags?post=416276"}],"curies":[{"name":"wp","href":"https:\/\/api.w.org\/{rel}","templated":true}]}}