{"id":416278,"date":"2025-09-25T10:38:23","date_gmt":"2025-09-25T10:38:23","guid":{"rendered":"https:\/\/www.europesays.com\/fr\/416278\/"},"modified":"2025-09-25T10:38:23","modified_gmt":"2025-09-25T10:38:23","slug":"leurope-contrainte-de-jouer-en-defense-face-a-la-chine","status":"publish","type":"post","link":"https:\/\/www.europesays.com\/fr\/416278\/","title":{"rendered":"L\u2019Europe contrainte de jouer en d\u00e9fense face \u00e0 la Chine"},"content":{"rendered":"<p>\nL\u2019industrie automobile se trouve \u00e0 un tournant. Les transitions technologiques \u2013 \u00e9lectrification, automatisation, digitalisation \u2013 s\u2019acc\u00e9l\u00e8rent, mais elles n\u2019affectent pas toutes les r\u00e9gions de la m\u00eame mani\u00e8re. Si certains march\u00e9s, notamment asiatiques, s\u2019affirment comme moteurs de la transformation, l\u2019Europe, pourtant riche d\u2019un tissu dense d\u2019\u00e9quipementiers et d\u2019un savoir-faire reconnu, voit son mod\u00e8le fragilis\u00e9 par des co\u00fbts \u00e9lev\u00e9s et une concurrence accrue.<\/p>\n<p>\nLa 14e \u00e9dition de l\u2019<strong>Automotive Disruption Radar<\/strong>, qui suit l\u2019\u00e9volution de 22 pays sur 26 indicateurs, illustre cette recomposition. La Chine s\u2019impose comme leader incontest\u00e9, devant la Cor\u00e9e du Sud et les Pays-Bas. L\u2019Empire du Milieu b\u00e9n\u00e9ficie d\u2019un \u00e9cosyst\u00e8me complet \u2013 brevets, investissements en IA, infrastructures, app\u00e9tence des consommateurs \u2013 et d\u2019un march\u00e9 o\u00f9 un v\u00e9hicule sur quatre vendu est d\u00e9sormais 100 % \u00e9lectrique<\/p>\n<p>\nL\u2019Europe n\u2019est pas absente du tableau : la France et l\u2019Italie progressent, notamment gr\u00e2ce \u00e0 leurs avanc\u00e9es en automatisation et \u00e0 un regain d\u2019int\u00e9r\u00eat pour les v\u00e9hicules hybrides. La Norv\u00e8ge et la Su\u00e8de confirment leur avance dans l\u2019\u00e9lectrification. En revanche, les \u00c9tats-Unis d\u00e9crochent, frein\u00e9s par un ralentissement de la demande en v\u00e9hicules \u00e9lectriques et par un recentrage politique sur les motorisations thermiques.<\/p>\n<p>Un paradoxe technologique<\/p>\n<p>\nL\u2019ADR14 met aussi en lumi\u00e8re un d\u00e9calage entre l\u2019offre et la demande. Les brevets li\u00e9s \u00e0 la conduite autonome se multiplient, les investissements dans l\u2019intelligence artificielle atteignent des records, mais les consommateurs restent prudents. Les services de mobilit\u00e9 partag\u00e9e stagnent et l\u2019usage de la voiture individuelle demeure dominant. <strong>En d\u2019autres termes, la technologie avance plus vite que son acceptation sociale.<\/strong><\/p>\n<p>\nL\u2019\u00e9tude insiste sur un ph\u00e9nom\u00e8ne structurant : la fragmentation de l\u2019industrie mondiale en quatre blocs \u2013 Chine, Europe, \u00c9tats-Unis, Japon\/Cor\u00e9e. Chacun d\u00e9veloppe ses propres standards et ses propres alliances. L\u2019Europe appara\u00eet dans une position d\u00e9licate, d\u00e9pendante des partenariats avec les acteurs chinois pour rester dans la course, mais expos\u00e9e au risque de perdre en ind\u00e9pendance technologique.<\/p>\n<p>\nCette d\u00e9pendance se double d\u2019un enjeu industriel. <a href=\"https:\/\/www.auto-infos.fr\/article\/les-equipementiers-europeens-mettent-en-garde-contre-une-perte-de-competitivite.288550\" target=\"_blank\" rel=\"noopener\">Dans une \u00e9tude distincte r\u00e9alis\u00e9e pour le CLEPA<\/a>, l\u2019association europ\u00e9enne des \u00e9quipementiers automobiles, Roland Berger \u00e9value \u00e0 23 % la part de valeur ajout\u00e9e europ\u00e9enne menac\u00e9e d\u2019ici 2030, ce qui repr\u00e9sente jusqu\u2019\u00e0 350 000 emplois. <strong>Les \u00e9quipementiers d\u00e9noncent un d\u00e9savantage comp\u00e9titif de 15 \u00e0 35 % par rapport aux \u00c9tats-Unis et \u00e0 la Chine, d\u00fb \u00e0 des co\u00fbts \u00e9nerg\u00e9tiques et salariaux plus \u00e9lev\u00e9s et \u00e0 une r\u00e9glementation jug\u00e9e trop lourde.<\/strong><\/p>\n<p>\n<strong>Benjamin Krieger<\/strong>, secr\u00e9taire g\u00e9n\u00e9ral de CLEPA, pr\u00e9vient : \u00ab L\u2019Europe est engag\u00e9e dans une bataille d\u00e9cisive pour sa souverainet\u00e9 industrielle. \u00bb Pour les fournisseurs, il est urgent que l\u2019Union europ\u00e9enne agisse sur plusieurs leviers : baisse des charges structurelles, r\u00e9vision des objectifs CO? afin de pr\u00e9server la neutralit\u00e9 technologique, et mise en place de politiques incitatives pour maintenir la production de composants strat\u00e9giques sur le continent.<\/p>\n<p>\nCes deux \u00e9tudes, l\u2019une prospective et mondiale, l\u2019autre centr\u00e9e sur la comp\u00e9titivit\u00e9 europ\u00e9enne, pointent la m\u00eame r\u00e9alit\u00e9 : l\u2019Europe est en position d\u00e9fensive. Elle reste un acteur industriel majeur mais doit trouver un \u00e9quilibre entre coop\u00e9ration internationale et pr\u00e9servation de son autonomie. Sans mesures fortes, elle risque de voir s\u2019\u00e9roder son r\u00f4le de moteur technologique et industriel dans la mobilit\u00e9 de demain.<\/p>\n<p>\n\u00a0<\/p>\n","protected":false},"excerpt":{"rendered":"L\u2019industrie automobile se trouve \u00e0 un tournant. Les transitions technologiques \u2013 \u00e9lectrification, automatisation, digitalisation \u2013 s\u2019acc\u00e9l\u00e8rent, mais elles&hellip;\n","protected":false},"author":2,"featured_media":416279,"comment_status":"","ping_status":"","sticky":false,"template":"","format":"standard","meta":{"footnotes":""},"categories":[1586],"tags":[11,21135,646,48567,2105,1777,674,1011,27,6025,54640,54641,54642,54643,54644,54645,54646,12,25,54639],"class_list":{"0":"post-416278","1":"post","2":"type-post","3":"status-publish","4":"format-standard","5":"has-post-thumbnail","7":"category-europe","8":"tag-actualites","9":"tag-aftermarket","10":"tag-automobile","11":"tag-clepa","12":"tag-distribution","13":"tag-eu","14":"tag-europe","15":"tag-fr","16":"tag-france","17":"tag-industrie-automobile","18":"tag-industrie-automobile-americaine","19":"tag-industrie-automobile-electrique","20":"tag-industrie-automobile-europeenne","21":"tag-industrie-automobile-mondiale","22":"tag-industrie-des-fournisseurs-automobiles","23":"tag-industrie-technologique","24":"tag-innovation-dans-l-industrie-automobile","25":"tag-news","26":"tag-republique-francaise","27":"tag-roland-berger"},"share_on_mastodon":{"url":"https:\/\/pubeurope.com\/@fr\/115264507410791749","error":""},"_links":{"self":[{"href":"https:\/\/www.europesays.com\/fr\/wp-json\/wp\/v2\/posts\/416278","targetHints":{"allow":["GET"]}}],"collection":[{"href":"https:\/\/www.europesays.com\/fr\/wp-json\/wp\/v2\/posts"}],"about":[{"href":"https:\/\/www.europesays.com\/fr\/wp-json\/wp\/v2\/types\/post"}],"author":[{"embeddable":true,"href":"https:\/\/www.europesays.com\/fr\/wp-json\/wp\/v2\/users\/2"}],"replies":[{"embeddable":true,"href":"https:\/\/www.europesays.com\/fr\/wp-json\/wp\/v2\/comments?post=416278"}],"version-history":[{"count":0,"href":"https:\/\/www.europesays.com\/fr\/wp-json\/wp\/v2\/posts\/416278\/revisions"}],"wp:featuredmedia":[{"embeddable":true,"href":"https:\/\/www.europesays.com\/fr\/wp-json\/wp\/v2\/media\/416279"}],"wp:attachment":[{"href":"https:\/\/www.europesays.com\/fr\/wp-json\/wp\/v2\/media?parent=416278"}],"wp:term":[{"taxonomy":"category","embeddable":true,"href":"https:\/\/www.europesays.com\/fr\/wp-json\/wp\/v2\/categories?post=416278"},{"taxonomy":"post_tag","embeddable":true,"href":"https:\/\/www.europesays.com\/fr\/wp-json\/wp\/v2\/tags?post=416278"}],"curies":[{"name":"wp","href":"https:\/\/api.w.org\/{rel}","templated":true}]}}