{"id":416283,"date":"2025-09-25T10:41:13","date_gmt":"2025-09-25T10:41:13","guid":{"rendered":"https:\/\/www.europesays.com\/fr\/416283\/"},"modified":"2025-09-25T10:41:13","modified_gmt":"2025-09-25T10:41:13","slug":"asse-horneland-bouillonne-un-taulier-secoue-le-vestiaire","status":"publish","type":"post","link":"https:\/\/www.europesays.com\/fr\/416283\/","title":{"rendered":"ASSE : Horneland bouillonne, un taulier secoue le vestiaire !"},"content":{"rendered":"<p><strong>L\u2019<a href=\"https:\/\/www.butfootballclub.fr\/620009-lobry-encense-lasse-la-meilleure-equipe-de-ligue-2-depuis-longtemps\/\" target=\"_blank\" rel=\"noopener\">AS Saint-\u00c9tienne<\/a> a encha\u00een\u00e9 face \u00e0 Amiens avec un succ\u00e8s pr\u00e9cieux, mais tout n\u2019\u00e9tait pas parfait. Si les Verts ont pris trois points importants, Eirik Horneland a montr\u00e9 son agacement apr\u00e8s la rencontre. De m\u00eame que Maxime Bernauer.<\/strong><\/p>\n<p>\u00c0 Amiens, l\u2019<a href=\"https:\/\/www.butfootballclub.fr\/619994-asse-stassin-en-veut-encore-plus\/\" target=\"_blank\" rel=\"noopener\">ASSE<\/a> a souffert. Maxime Bernauer l\u2019a reconnu sans d\u00e9tour : \u00ab Amiens nous a mis en difficult\u00e9. Ils \u00e9taient bons avec le ballon. On a encore eu des difficult\u00e9s sur quelques p\u00e9riodes dans le match, o\u00f9 on n\u2019a pas r\u00e9ussi \u00e0 mettre notre jeu en place. \u00bb Pas de quoi cacher le soulagement du groupe apr\u00e8s une victoire au forceps, mais Bernauer souligne un point inqui\u00e9tant : l\u2019\u00e9quipe a perdu trop de ballons et offert des s\u00e9quences de domination \u00e0 son adversaire.<\/p>\n<p>Le joueur n\u2019a pas fui ses responsabilit\u00e9s, \u00e9voquant m\u00eame une erreur personnelle : une remise de la poitrine mal sentie qui aurait pu co\u00fbter cher. \u00ab Ce n\u2019est pas un match facile \u00e0 analyser, mais on repart avec un clean-sheet et trois points. Il y a un peu trop d\u2019erreurs techniques, on perd des ballons trop facilement et ensuite, on laisse l\u2019adversaire mettre en place son jeu. Habituellement, on arrive \u00e0 \u00eatre plus proches des adversaires pour r\u00e9cup\u00e9rer plus vite. Face \u00e0 Amiens, on \u00e9tait plus loin. C\u2019est peut-\u00eatre d\u00fb \u00e0 l\u2019encha\u00eenement des rencontres. Dans le pressing, on \u00e9tait un peu plus loin, on les laissait sortir un peu trop.<\/p>\n<p>Un discours honn\u00eate qui rejoint l\u2019analyse d\u2019un staff st\u00e9phanois agac\u00e9 par le manque de rigueur technique et la baisse d\u2019intensit\u00e9 dans le pressing. Horneland, lui, n\u2019a pas cach\u00e9 son exasp\u00e9ration, pointant une \u00e9quipe moins agressive et moins concentr\u00e9e que d\u2019habitude.<\/p>\n<p>Bernaeur secoue le cocotier<\/p>\n<p>Malgr\u00e9 tout, l\u2019<a href=\"https:\/\/www.butfootballclub.fr\/620064-asse-eirik-horneland-explique-sa-decision-qui-a-beaucoup-fait-parler-a-amiens\/\" target=\"_blank\" rel=\"noopener\">ASSE<\/a> poursuit son bon parcours et continue de grappiller des points. La profondeur d\u2019effectif, salu\u00e9e par Bernauer, permet au coach norv\u00e9gien de faire tourner et de maintenir une certaine dynamique, m\u00eame si le contenu laisse encore \u00e0 d\u00e9sirer. \u00ab Comme j\u2019ai d\u00e9j\u00e0 pu le dire depuis quelques matchs, je joue o\u00f9 le coach veut me mettre. Tout n\u2019est pas parfait mais dans l\u2019attitude, on se doit d\u2019apporter chacun notre pierre \u00e0 l\u2019\u00e9difice \u00bb, a conclu le d\u00e9fenseur, lucide et d\u00e9termin\u00e9.<\/p>\n<p>Une victoire pr\u00e9cieuse donc, mais qui n\u2019efface pas totalement les doutes sur la capacit\u00e9 des Verts \u00e0 dominer dans le jeu. Horneland et ses hommes devront vite corriger le tir contre Guingamp (samedi, 20H) s\u2019ils veulent rester en haut du classement.<\/p>\n","protected":false},"excerpt":{"rendered":"L\u2019AS Saint-\u00c9tienne a encha\u00een\u00e9 face \u00e0 Amiens avec un succ\u00e8s pr\u00e9cieux, mais tout n\u2019\u00e9tait pas parfait. Si les&hellip;\n","protected":false},"author":2,"featured_media":416284,"comment_status":"","ping_status":"","sticky":false,"template":"","format":"standard","meta":{"footnotes":""},"categories":[2],"tags":[11,448,63,1011,27,66,3388,12,25,10662],"class_list":{"0":"post-416283","1":"post","2":"type-post","3":"status-publish","4":"format-standard","5":"has-post-thumbnail","7":"category-actualites","8":"tag-actualites","9":"tag-champions-league","10":"tag-football","11":"tag-fr","12":"tag-france","13":"tag-ligue-1","14":"tag-matchs","15":"tag-news","16":"tag-republique-francaise","17":"tag-transferts"},"share_on_mastodon":{"url":"https:\/\/pubeurope.com\/@fr\/115264519121983839","error":""},"_links":{"self":[{"href":"https:\/\/www.europesays.com\/fr\/wp-json\/wp\/v2\/posts\/416283","targetHints":{"allow":["GET"]}}],"collection":[{"href":"https:\/\/www.europesays.com\/fr\/wp-json\/wp\/v2\/posts"}],"about":[{"href":"https:\/\/www.europesays.com\/fr\/wp-json\/wp\/v2\/types\/post"}],"author":[{"embeddable":true,"href":"https:\/\/www.europesays.com\/fr\/wp-json\/wp\/v2\/users\/2"}],"replies":[{"embeddable":true,"href":"https:\/\/www.europesays.com\/fr\/wp-json\/wp\/v2\/comments?post=416283"}],"version-history":[{"count":0,"href":"https:\/\/www.europesays.com\/fr\/wp-json\/wp\/v2\/posts\/416283\/revisions"}],"wp:featuredmedia":[{"embeddable":true,"href":"https:\/\/www.europesays.com\/fr\/wp-json\/wp\/v2\/media\/416284"}],"wp:attachment":[{"href":"https:\/\/www.europesays.com\/fr\/wp-json\/wp\/v2\/media?parent=416283"}],"wp:term":[{"taxonomy":"category","embeddable":true,"href":"https:\/\/www.europesays.com\/fr\/wp-json\/wp\/v2\/categories?post=416283"},{"taxonomy":"post_tag","embeddable":true,"href":"https:\/\/www.europesays.com\/fr\/wp-json\/wp\/v2\/tags?post=416283"}],"curies":[{"name":"wp","href":"https:\/\/api.w.org\/{rel}","templated":true}]}}