{"id":416290,"date":"2025-09-25T10:47:10","date_gmt":"2025-09-25T10:47:10","guid":{"rendered":"https:\/\/www.europesays.com\/fr\/416290\/"},"modified":"2025-09-25T10:47:10","modified_gmt":"2025-09-25T10:47:10","slug":"la-professionnalisation-des-arbitres-francais","status":"publish","type":"post","link":"https:\/\/www.europesays.com\/fr\/416290\/","title":{"rendered":"La professionnalisation des arbitres fran\u00e7ais"},"content":{"rendered":"<p>Au moment o\u00f9 s\u2019ouvre la nouvelle saison des championnats FFBB et LNB, l\u2019arbitrage fran\u00e7ais franchit un cap in\u00e9dit : pour la premi\u00e8re fois, 8 arbitres Chef d\u2019\u00e9quipe (Crew Chief) de premi\u00e8re division deviennent professionnels. Ces 8 arbitres, issus du groupe de 33 arbitres de Haut Niveau 1 (HN1), \u00e9volueront comme leader des trios sur les comp\u00e9titions organis\u00e9es par la Ligue Nationale de Basket.<\/p>\n<p>Cette professionnalisation, fruit du travail conjoint de la FFBB et de la LNB, constitue une avanc\u00e9e majeure. Elle r\u00e9pond \u00e0 une triple exigence : garantir encore plus de disponibilit\u00e9 et de pr\u00e9paration pour les arbitres, offrir aux comp\u00e9titions nationales un arbitrage toujours plus performant, et faire b\u00e9n\u00e9ficier de leur expertise et de leur exp\u00e9rience \u00e0 l\u2019ensemble des autres arbitres de haut niveau fran\u00e7ais.<\/p>\n<p>Au cours de la saison 2024\/2025, plusieurs arbitres fran\u00e7ais se sont illustr\u00e9s sur les plus grandes comp\u00e9titions :<\/p>\n<ul>\n<li>Finales et demi-finales\u00a0:\n<ul>\n<li>Yohan Rosso : demi-finale et match pour la 3\u00e8me\u00a0place des JO 2024, finale EuroBasket 2025, demi-finale BCL, finale Coupe du Monde U18<\/li>\n<li>Mehdi Difallah : 6\u1d49\u00a0Final Four d\u2019Euroleague<\/li>\n<li>Thomas Bissuel : finale Eurocup, finale ANGT<\/li>\n<li>Edgard Ceccarelli : finale Euro U16 masculin<\/li>\n<li>Nicolas Maestre : finale Euro U20 masculin<\/li>\n<li>Hugues Thepenier : demi-finale Eurocup<\/li>\n<li>Laure Coanus : finale Euro U16 f\u00e9minin division B<\/li>\n<li>Najib Chajiddine : finale Champions Cup 3&#215;3<\/li>\n<\/ul>\n<\/li>\n<\/ul>\n<p>\u00b7\u00a0\u00a0\u00a0\u00a0\u00a0\u00a0\u00a0Autres participations\u00a0: Nicolas Maestre, Valentin Oliot, Amel Dahra, Alexandre Deman, Edgard Ceccarelli, Jules Gaduel, Jordan Wallet, Yann Davidson, ainsi que Chantal Julien en tant qu\u2019instructrice FIBA.\u00a0\u00a0\u00a0\u00a0\u00a0\u00a0\u00a0\u00a0\u00a0\u00a0\u00a0\u00a0\u00a0\u00a0\u00a0\u00a0\u00a0\u00a0\u00a0\u00a0\u00a0\u00a0\u00a0\u00a0\u00a0\u00a0\u00a0\u00a0\u00a0\u00a0\u00a0\u00a0\u00a0\u00a0\u00a0\u00a0\u00a0\u00a0\u00a0\u00a0\u00a0\u00a0\u00a0\u00a0\u00a0\u00a0\u00a0\u00a0\u00a0\u00a0\u00a0\u00a0\u00a0\u00a0\u00a0\u00a0\u00a0\u00a0\u00a0\u00a0\u00a0\u00a0\u00a0\u00a0\u00a0\u00a0\u00a0\u00a0\u00a0\u00a0\u00a0\u00a0\u00a0\u00a0\u00a0\u00a0\u00a0\u00a0\u00a0\u00a0\u00a0\u00a0\u00a0\u00a0\u00a0\u00a0\u00a0\u00a0\u00a0\u00a0\u00a0\u00a0\u00a0\u00a0\u00a0\u00a0\u00a0\u00a0\u00a0\u00a0\u00a0\u00a0\u00a0\u00a0\u00a0\u00a0\u00a0\u00a0\u00a0\u00a0\u00a0\u00a0\u00a0\u00a0\u00a0\u00a0\u00a0\u00a0\u00a0\u00a0\u00a0\u00a0\u00a0\u00a0\u00a0\u00a0\u00a0\u00a0\u00a0\u00a0\u00a0\u00a0\u00a0\u00a0\u00a0\u00a0\u00a0\u00a0\u00a0\u00a0\u00a0\u00a0<\/p>\n<p><strong>Un travail de longue haleine<\/strong><br \/>Comme pour les joueurs ou les entra\u00eeneurs, ces d\u00e9signations sont le fruit d\u2019un travail exigeant, d\u2019un investissement personnel consid\u00e9rable et d\u2019un accompagnement structur\u00e9. La FFBB et la LNB ont mis en place les moyens n\u00e9cessaires pour placer les arbitres fran\u00e7ais dans les meilleures conditions de pr\u00e9paration et de r\u00e9ussite :<br \/>&#8211; professionnalisation de l\u2019encadrement de la Commission du Haut Niveau des Officiels<br \/>&#8211; stages avec travail en commun avec des entraineurs professionnels (collaboration avec le Haut Niveau des Techniciens)<br \/>&#8211; formations mensuelles \u00e0 distance<br \/>&#8211; observations de tous les matchs en Betclic Elite et d\u2019un match sur 2 en Elite 2<br \/>&#8211; accompagnement manag\u00e9rial des carri\u00e8res individuelles<\/p>\n<blockquote><p>\u00a0<strong>Jean-Pierre Hunckler<\/strong>\u00a0(Pr\u00e9sident de la  FFBB) :\u00a0\u00ab L\u2019arbitrage est l\u2019un des piliers de notre sport. Sa cr\u00e9dibilit\u00e9, son excellence et son exemplarit\u00e9 conditionnent la qualit\u00e9 des comp\u00e9titions et la confiance de tous les acteurs du jeu. La professionnalisation des 8 Chefs d\u2019\u00e9quipe (Crew Chiefs) de premi\u00e8re division est bien plus qu\u2019une avanc\u00e9e pour les arbitres : c\u2019est un pas historique pour le basketball fran\u00e7ais. Elle incarne notre volont\u00e9, partag\u00e9e avec la LNB, de hisser l\u2019ensemble de notre \u00e9cosyst\u00e8me au plus haut niveau d\u2019exigence. Dans un contexte o\u00f9 nos joueurs et nos \u00e9quipes brillent sur la sc\u00e8ne internationale, il \u00e9tait essentiel que nos arbitres b\u00e9n\u00e9ficient du m\u00eame accompagnement et de la m\u00eame reconnaissance. C\u2019est une fiert\u00e9 collective, et une promesse pour l\u2019avenir : celle d\u2019un basket fran\u00e7ais toujours plus ambitieux, respect\u00e9 et respectueux. \u00bb<\/p><\/blockquote>\n<blockquote><p><strong>Philippe Ausseur<\/strong>\u00a0(Pr\u00e9sident de la Ligue Nationale de Basket)\u00a0:\u00a0\u00ab L\u2019arbitrage est une question importante pour la Ligue Nationale de Basket et Jean Pierre Hunckler a \u00e9t\u00e9 attentif \u00e0 nos demandes d\u00e8s son arriv\u00e9e \u00e0 la t\u00eate de la FFBB. Il est essentiel que l\u2019\u00e9lite de notre arbitrage puisse \u00eatre mieux encadr\u00e9e, mieux suivie au quotidien. L\u2019implication des entra\u00eeneurs de Betclic ELITE et ELITE 2 permettra \u00e9galement de renforcer la formation des arbitres officiant dans nos divisions \u00bb.<\/p><\/blockquote>\n<blockquote><p><strong>Pierre Yves Bichon\u00a0<\/strong>(Pr\u00e9sident du Haut Niveau des Officiels)\u00a0:\u00a0\u00ab De tous temps, diff\u00e9rentes g\u00e9n\u00e9rations d\u2019arbitres internationaux ont brillamment rempli l\u2019armoire \u00e0 troph\u00e9es de l\u2019arbitrage fran\u00e7ais. Apr\u00e8s cette saison internationale encore riche en \u00e9motions et en r\u00e9compenses, l\u2019heure est venue de repartir, avec humilit\u00e9 et ambition, pour le feuilleton passionnant des championnats nationaux. Avec la professionnalisation des 8 arbitres Chefs d\u2019\u00e9quipe (Crew Chiefs) pour les comp\u00e9titions LNB, l\u2019arbitrage fran\u00e7ais s\u2019adapte aux exigences du basket moderne et confirme sa volont\u00e9 d\u2019\u00eatre toujours plus performant, au service du jeu, de ses clubs et de ses acteurs. \u00bb<\/p><\/blockquote>\n","protected":false},"excerpt":{"rendered":"Au moment o\u00f9 s\u2019ouvre la nouvelle saison des championnats FFBB et LNB, l\u2019arbitrage fran\u00e7ais franchit un cap in\u00e9dit&hellip;\n","protected":false},"author":2,"featured_media":416291,"comment_status":"","ping_status":"","sticky":false,"template":"","format":"standard","meta":{"footnotes":""},"categories":[1414],"tags":[1465,1464,1011,27,60],"class_list":{"0":"post-416290","1":"post","2":"type-post","3":"status-publish","4":"format-standard","5":"has-post-thumbnail","7":"category-basket","8":"tag-basket","9":"tag-basketball","10":"tag-fr","11":"tag-france","12":"tag-sports"},"share_on_mastodon":{"url":"https:\/\/pubeurope.com\/@fr\/115264542735942571","error":""},"_links":{"self":[{"href":"https:\/\/www.europesays.com\/fr\/wp-json\/wp\/v2\/posts\/416290","targetHints":{"allow":["GET"]}}],"collection":[{"href":"https:\/\/www.europesays.com\/fr\/wp-json\/wp\/v2\/posts"}],"about":[{"href":"https:\/\/www.europesays.com\/fr\/wp-json\/wp\/v2\/types\/post"}],"author":[{"embeddable":true,"href":"https:\/\/www.europesays.com\/fr\/wp-json\/wp\/v2\/users\/2"}],"replies":[{"embeddable":true,"href":"https:\/\/www.europesays.com\/fr\/wp-json\/wp\/v2\/comments?post=416290"}],"version-history":[{"count":0,"href":"https:\/\/www.europesays.com\/fr\/wp-json\/wp\/v2\/posts\/416290\/revisions"}],"wp:featuredmedia":[{"embeddable":true,"href":"https:\/\/www.europesays.com\/fr\/wp-json\/wp\/v2\/media\/416291"}],"wp:attachment":[{"href":"https:\/\/www.europesays.com\/fr\/wp-json\/wp\/v2\/media?parent=416290"}],"wp:term":[{"taxonomy":"category","embeddable":true,"href":"https:\/\/www.europesays.com\/fr\/wp-json\/wp\/v2\/categories?post=416290"},{"taxonomy":"post_tag","embeddable":true,"href":"https:\/\/www.europesays.com\/fr\/wp-json\/wp\/v2\/tags?post=416290"}],"curies":[{"name":"wp","href":"https:\/\/api.w.org\/{rel}","templated":true}]}}