{"id":416292,"date":"2025-09-25T10:48:11","date_gmt":"2025-09-25T10:48:11","guid":{"rendered":"https:\/\/www.europesays.com\/fr\/416292\/"},"modified":"2025-09-25T10:48:11","modified_gmt":"2025-09-25T10:48:11","slug":"pour-alex-marquez-gresini-merite-la-ducati-gp26","status":"publish","type":"post","link":"https:\/\/www.europesays.com\/fr\/416292\/","title":{"rendered":"Pour \u00c1lex M\u00e1rquez, Gresini \u00ab m\u00e9rite \u00bb la Ducati GP26"},"content":{"rendered":"<p>Habitu\u00e9e \u00e0 utiliser des Ducati de l\u2019ann\u00e9e pr\u00e9c\u00e9dente, l\u2019\u00e9quipe Gresini va donc b\u00e9n\u00e9ficier, comme VR46, d\u2019une machine officielle pour la saison 2026. Les performances d\u2019\u00c1lex M\u00e1rquez, \u00e9tincelant deuxi\u00e8me du championnat sur une GP24, derri\u00e8re son fr\u00e8re Marc et sa GP25 ont jou\u00e9 un r\u00f4le important dans cette d\u00e9cision de l\u2019usine Ducati. Le pilote espagnol s\u2019en r\u00e9jouit, et dans le paddock de Motegi au Japon, il a surtout tenu \u00e0 rappeler \u00e0 quel point cela \u00e9tait m\u00e9rit\u00e9 pour une \u00e9quipe Gresini qui fait mieux que ce qu\u2019on pourrait attendre d\u2019une \u00e9curie satellite depuis 2022.<\/p>\n<\/p>\n<p>\u00ab Je suis vraiment tr\u00e8s heureux, pour moi et pour l\u2019\u00e9quipe, surtout. Ils le m\u00e9ritent vraiment, quand on voit ce qu\u2019a fait Gresini avec Ducati, c\u2019est vraiment du tr\u00e8s bon travail chaque ann\u00e9e, avec plusieurs victoires. L\u2019\u00e9quipe le m\u00e9rite, et mes r\u00e9sultats de cette ann\u00e9e ont aid\u00e9 \u00e0 avoir cette moto. Nadia (Padovani, team principal. Ndlr) m\u2019a aussi beaucoup soutenu et a pouss\u00e9 pour que j\u2019ai cette moto officielle. Merci \u00e0 Ducati et \u00e0 Gigi (Dall\u2019Igna, directeur de Ducati Corse. Ndlr) de faire de cette volont\u00e9 une r\u00e9alit\u00e9. Nous avons tout ce qu\u2019il faut pour faire de 2026 une bonne saison, mais il faut d\u2019abord que l\u2019on termine cette saison d\u2019une bonne mani\u00e8re. \u00bb<\/p>\n<p>L\u2019ancien champion du monde Moto2 sait que son intersaison sera plus charg\u00e9e, puisqu\u2019il sera amen\u00e9 \u00e0 participer au d\u00e9veloppement de la Ducati Demosedici GP26 aux c\u00f4t\u00e9s des deux pilotes de l\u2019\u00e9curie officielle, et de Fabio Di Giannantonio, qui sera le quatri\u00e8me \u00e9lu \u00e0 recevoir une GP26. Salu\u00e9 pour la qualit\u00e9 de son retour technique, le cadet des fr\u00e8res M\u00e1rquez a h\u00e2te de se remettre au travail d\u2019une fa\u00e7on diff\u00e9rente des derni\u00e8res saisons, o\u00f9 il recevait la moto de l\u2019ann\u00e9e derni\u00e8re et se \u00ab contentait \u00bb d\u2019aller le plus vite possible avec !<\/p>\n<p>\u00ab Notre approche des essais va forc\u00e9ment un peu changer, nous aurons plus de choses \u00e0 essayer et sur lesquelles travailler. Nous aurons quasiment le double de travail, cette ann\u00e9e les essais \u00e9taient finalement assez simples, nous nous occupions seulement d\u2019extraire le maximum de performance du package. J\u2019aime toutefois ce travail, d\u2019essayer des pi\u00e8ces, de faire en sorte d\u2019aider Ducati \u00e0 s\u2019am\u00e9liorer. Ce sera une tr\u00e8s bonne opportunit\u00e9 pour l\u2019\u00e9quipe et pour moi, et il faut que nous puissions extraire le maximum de cette opportunit\u00e9. \u00bb<\/p>\n<p><strong>\u00c0 LIRE AUSSI &gt; <a href=\"https:\/\/www.autohebdo.fr\/actualites\/motogp\/johann-zarco-avec-un-nouveau-package-au-japon-pour-rebondir-apres-un-ete-rate.html\" target=\"_blank\" rel=\"noopener\">Johann Zarco avec un nouveau package au Japon pour rebondir apr\u00e8s un \u00e9t\u00e9 \u00ab rat\u00e9 \u00bb<\/a><\/strong><\/p>\n","protected":false},"excerpt":{"rendered":"Habitu\u00e9e \u00e0 utiliser des Ducati de l\u2019ann\u00e9e pr\u00e9c\u00e9dente, l\u2019\u00e9quipe Gresini va donc b\u00e9n\u00e9ficier, comme VR46, d\u2019une machine officielle&hellip;\n","protected":false},"author":2,"featured_media":416293,"comment_status":"","ping_status":"","sticky":false,"template":"","format":"standard","meta":{"footnotes":""},"categories":[1413],"tags":[4267,4266,1011,27,36358,1457,1456,1458,60],"class_list":{"0":"post-416292","1":"post","2":"type-post","3":"status-publish","4":"format-standard","5":"has-post-thumbnail","7":"category-moto","8":"tag-alex-marquez","9":"tag-ducati","10":"tag-fr","11":"tag-france","12":"tag-gresini","13":"tag-moto","14":"tag-motocycle","15":"tag-motogp","16":"tag-sports"},"share_on_mastodon":{"url":"https:\/\/pubeurope.com\/@fr\/115264546654369387","error":""},"_links":{"self":[{"href":"https:\/\/www.europesays.com\/fr\/wp-json\/wp\/v2\/posts\/416292","targetHints":{"allow":["GET"]}}],"collection":[{"href":"https:\/\/www.europesays.com\/fr\/wp-json\/wp\/v2\/posts"}],"about":[{"href":"https:\/\/www.europesays.com\/fr\/wp-json\/wp\/v2\/types\/post"}],"author":[{"embeddable":true,"href":"https:\/\/www.europesays.com\/fr\/wp-json\/wp\/v2\/users\/2"}],"replies":[{"embeddable":true,"href":"https:\/\/www.europesays.com\/fr\/wp-json\/wp\/v2\/comments?post=416292"}],"version-history":[{"count":0,"href":"https:\/\/www.europesays.com\/fr\/wp-json\/wp\/v2\/posts\/416292\/revisions"}],"wp:featuredmedia":[{"embeddable":true,"href":"https:\/\/www.europesays.com\/fr\/wp-json\/wp\/v2\/media\/416293"}],"wp:attachment":[{"href":"https:\/\/www.europesays.com\/fr\/wp-json\/wp\/v2\/media?parent=416292"}],"wp:term":[{"taxonomy":"category","embeddable":true,"href":"https:\/\/www.europesays.com\/fr\/wp-json\/wp\/v2\/categories?post=416292"},{"taxonomy":"post_tag","embeddable":true,"href":"https:\/\/www.europesays.com\/fr\/wp-json\/wp\/v2\/tags?post=416292"}],"curies":[{"name":"wp","href":"https:\/\/api.w.org\/{rel}","templated":true}]}}