{"id":416294,"date":"2025-09-25T10:49:09","date_gmt":"2025-09-25T10:49:09","guid":{"rendered":"https:\/\/www.europesays.com\/fr\/416294\/"},"modified":"2025-09-25T10:49:09","modified_gmt":"2025-09-25T10:49:09","slug":"il-y-a-20-ans-le-rugissement-du-champion-du-monde-f1","status":"publish","type":"post","link":"https:\/\/www.europesays.com\/fr\/416294\/","title":{"rendered":"il y a 20 ans, le rugissement du Champion du monde F1 !"},"content":{"rendered":"<p>\t\t\t<strong class=\"post-excerpt\"><\/p>\n<p itemprop=\"description\">Le 25 septembre 2005, \u00e0 Interlagos, Fernando Alonso devenait Champion du monde en F1 avec Renault. 20 ans plus tard, plus d&rsquo;un fan se souvient de son rugissement de joie, capt\u00e9 en mondovision comme l&rsquo;une des c\u00e9l\u00e9brations les plus cultes de l&rsquo;histoire !<\/p>\n<p><\/strong>\t\t <\/p>\n<p>Le <strong>25 septembre 2005<\/strong>, sur l\u2019asphalte bossel\u00e9 d<strong>\u2019Interlagos, <a href=\"https:\/\/www.sportauto.fr\/actu\/sport-actu\/formule-1\/f1-2026-la-derniere-saison-de-fernando-alonso-439240.html#item=1\" target=\"_blank\" rel=\"noopener\">Fernando Alonso<\/a><\/strong> entrait dans l\u2019histoire en devenant<strong> le plus jeune Champion du monde de Formule<\/strong> 1 \u00e0 l&rsquo;\u00e2ge de 24 ans. Deux d\u00e9cennies, d\u00e9j\u00e0, depuis ce<strong> rugissement de joie<\/strong> capt\u00e9 en <strong>mondovision<\/strong> dont l&rsquo;auteur de ces lignes se souvient encore comme si c&rsquo;\u00e9tait hier. <strong>Flash-back&#8230;<\/strong><\/p>\n<p>   \t\t\t Interlagos 2005 : le jour du sacre en F1 <\/p>\n<p>Il y a deux d\u00e9cennies, la<strong> saison 2005 de F1<\/strong>\u00a0connaissait son \u00e9pilogue tr\u00e8s attendu sur le tourniquet d&rsquo;<strong>Interlagos<\/strong>, sur les hauteurs de Sao Paulo. Ce jour-l\u00e0, <a href=\"https:\/\/www.sportauto.fr\/actu\/insolites-actu\/f1-kart-fernando-alonso-dpk-donuts-video-427883.html#item=1\" target=\"_blank\" rel=\"noopener\"><strong>Fernando Alonso<\/strong><\/a> n\u2019avait pas besoin de gagner, une<strong>\u00a0troisi\u00e8me place<\/strong> dans le <strong>Grand Prix du Br\u00e9sil <\/strong>\u00e9tant suffisante pour \u00eatre officiellement <strong>sacr\u00e9 Champion du monde de Formule 1<\/strong>, quelle que soit la performance de son plus proche rival, le Finlandais <strong>Kimi R\u00e4ikk\u00f6nen.<\/strong><br \/>Au terme d&rsquo;une<strong> course men\u00e9e avec concentration et s\u00e9r\u00e9nit\u00e9<\/strong>, le pilote Renault montait donc sur la<strong> troisi\u00e8me marche du podium<\/strong>, laissant les honneurs du jour au Colombien <strong>Juan Pablo Montoya,<\/strong> vainqueur de sa<strong> septi\u00e8me et ultime course en F1<\/strong>, et<strong> Iceman<\/strong>, tel un <strong>Jacques Villeneuve<\/strong> savourant son sacre en 1997 sans forcer le destin apr\u00e8s son <strong>c\u00e9l\u00e8bre duel avort\u00e9 \u00e0 Jerez<\/strong> avec <a href=\"https:\/\/www.sportauto.fr\/retro\/schumacher-alonso-duel-ferrari-renault-imola-saint-marin-f1-2005-2006-video-398995.html#item=1\" target=\"_blank\" rel=\"noopener\"><strong>Michael Schumacher <\/strong><\/a>(quatri\u00e8me \u00e0 Interlagos en 2005).<\/p>\n<p> Un record pour l&rsquo;histoire <\/p>\n<p>Ag\u00e9 d&rsquo;\u00e0 peine <strong>24 ans,<\/strong> <a href=\"https:\/\/www.sportauto.fr\/f1\/fernando-alonso-decouvrez-son-garage-eclectique-en-images-367525.html#item=1\" target=\"_blank\" rel=\"noopener\">Alonso<\/a> entrait dans le <strong>livre d&rsquo;or de la discipline<\/strong> comme le <strong>plus jeune pilote \u00e0 r\u00e9ussir pareil exploit<\/strong>, quatre saisons seulement apr\u00e8s d\u00e9buts remarqu\u00e9s, \u00e0 Melbourne en 2001 sous les couleurs de<strong> Minardi. <\/strong>Ce<strong> record de pr\u00e9cocit\u00e9<\/strong> tiendra jusqu&rsquo;en 2008 et<strong> Lewis Hamilton <\/strong>(23 ans, 9 mois et 26 jours), avec McLaren-Mercedes, battu en 2010 par <strong>Sebastian Vettel<\/strong> (23 ans 4 mois et 11 jours), sur Red Bull-Renault.<br \/>Conscient de la<strong> port\u00e9e historique de sa performance<\/strong>, \u00e0 une \u00e9poque o\u00f9 la F1 souffrait d&rsquo;une <strong>domination sans fin de Schumacher et de la Scuderia Ferrari,<\/strong> l&rsquo;Espagnol laissait \u00e9chapper <strong>un \u00e9norme cri de joie<\/strong>, teint\u00e9 de soulagement et de rage, sur le museau de sa<strong> Renault R25\u00a0<\/strong>aux \u00ab\u00a0couleurs de l&rsquo;Asturie\u00a0\u00bb.<br \/><strong>Capt\u00e9 en gros plan par les cam\u00e9ras TV (voir notre diaporama)<\/strong>, ce <strong>moment de pur rel\u00e2chement<\/strong>, apr\u00e8s tant de pression et de stress au cours des derniers mois d&rsquo;une<strong> lutte serr\u00e9e<\/strong> pour le titre mondial face \u00e0 McLaren et <strong>R\u00e4ikk\u00f6nen<\/strong>, reste \u00e0 ce jour comme l&rsquo;une des <strong>plus belles et intenses c\u00e9l\u00e9brations<\/strong> dans les annales de la F1. M\u00eame <strong>20 ans plus tard&#8230;<\/strong><\/p>\n","protected":false},"excerpt":{"rendered":"Le 25 septembre 2005, \u00e0 Interlagos, Fernando Alonso devenait Champion du monde en F1 avec Renault. 20 ans&hellip;\n","protected":false},"author":2,"featured_media":416295,"comment_status":"","ping_status":"","sticky":false,"template":"","format":"standard","meta":{"footnotes":""},"categories":[1412],"tags":[1451,1452,1453,1454,1455,1011,27,1638,60],"class_list":{"0":"post-416294","1":"post","2":"type-post","3":"status-publish","4":"format-standard","5":"has-post-thumbnail","7":"category-f1","8":"tag-f1","9":"tag-formula-1","10":"tag-formula1","11":"tag-formule-1","12":"tag-formule1","13":"tag-fr","14":"tag-france","15":"tag-has_diapo","16":"tag-sports"},"share_on_mastodon":{"url":"https:\/\/pubeurope.com\/@fr\/115264550548350780","error":""},"_links":{"self":[{"href":"https:\/\/www.europesays.com\/fr\/wp-json\/wp\/v2\/posts\/416294","targetHints":{"allow":["GET"]}}],"collection":[{"href":"https:\/\/www.europesays.com\/fr\/wp-json\/wp\/v2\/posts"}],"about":[{"href":"https:\/\/www.europesays.com\/fr\/wp-json\/wp\/v2\/types\/post"}],"author":[{"embeddable":true,"href":"https:\/\/www.europesays.com\/fr\/wp-json\/wp\/v2\/users\/2"}],"replies":[{"embeddable":true,"href":"https:\/\/www.europesays.com\/fr\/wp-json\/wp\/v2\/comments?post=416294"}],"version-history":[{"count":0,"href":"https:\/\/www.europesays.com\/fr\/wp-json\/wp\/v2\/posts\/416294\/revisions"}],"wp:featuredmedia":[{"embeddable":true,"href":"https:\/\/www.europesays.com\/fr\/wp-json\/wp\/v2\/media\/416295"}],"wp:attachment":[{"href":"https:\/\/www.europesays.com\/fr\/wp-json\/wp\/v2\/media?parent=416294"}],"wp:term":[{"taxonomy":"category","embeddable":true,"href":"https:\/\/www.europesays.com\/fr\/wp-json\/wp\/v2\/categories?post=416294"},{"taxonomy":"post_tag","embeddable":true,"href":"https:\/\/www.europesays.com\/fr\/wp-json\/wp\/v2\/tags?post=416294"}],"curies":[{"name":"wp","href":"https:\/\/api.w.org\/{rel}","templated":true}]}}