{"id":41630,"date":"2025-04-21T13:51:09","date_gmt":"2025-04-21T13:51:09","guid":{"rendered":"https:\/\/www.europesays.com\/fr\/41630\/"},"modified":"2025-04-21T13:51:09","modified_gmt":"2025-04-21T13:51:09","slug":"ocon-et-haas-continuent-de-faire-le-yo-yo","status":"publish","type":"post","link":"https:\/\/www.europesays.com\/fr\/41630\/","title":{"rendered":"Ocon et Haas continuent de faire le yo-yo"},"content":{"rendered":"<p><a href=\"https:\/\/fr.motorsport.com\/driver\/esteban-ocon\/95096\/\" target=\"_blank\" rel=\"noopener\">Esteban Ocon<\/a> l&rsquo;avait tr\u00e8s bien d\u00e9crit avant le Grand Prix d&rsquo;Arabie saoudite, <a href=\"https:\/\/fr.motorsport.com\/f1\/news\/ocon-dernier-ligne-travail-haas\/10715108\/\" target=\"_self\" rel=\"noopener\">y compris \u00e0 l&rsquo;issue des qualifications<\/a> : l&rsquo;irr\u00e9gularit\u00e9 de <a href=\"https:\/\/fr.motorsport.com\/team\/haas\/1949\/\" target=\"_blank\" rel=\"noopener\">Haas<\/a> est un poison en ce d\u00e9but de saison, malgr\u00e9 une situation comptable plut\u00f4t flatteuse avec la sixi\u00e8me place occup\u00e9e par l&rsquo;\u00e9curie am\u00e9ricaine au <a href=\"https:\/\/fr.motorsport.com\/f1\/standings\/2025\/?type=Team&amp;class=\" target=\"_self\" rel=\"noopener\">championnat constructeurs<\/a>. Le week-end tr\u00e8s difficile de Djeddah lui a toutefois co\u00fbt\u00e9 la cinqui\u00e8me position, chip\u00e9e par une \u00e9quipe <a href=\"https:\/\/fr.motorsport.com\/team\/williams\/613\/\" target=\"_blank\" rel=\"noopener\">Williams<\/a> qui continue de monter en puissance.<\/p>\n<p>Parti en derni\u00e8re ligne au lendemain de qualifications d\u00e9sastreuses, Esteban Ocon a fait le choix d&rsquo;une strat\u00e9gie opportuniste en chaussant les pneus durs d\u00e8s le deuxi\u00e8me tour, lors de l&rsquo;intervention de la voiture de s\u00e9curit\u00e9. Il les a fait tenir le plus longtemps possible en esp\u00e9rant une autre neutralisation, qui n&rsquo;est jamais venue.<\/p>\n<p>\u00ab\u00a0On a fait une strat\u00e9gie tr\u00e8s agressive\u00a0\u00bb, confirme le pilote fran\u00e7ais au micro de Canal+. \u00ab\u00a0On a fait toute la course avec le m\u00eame train de pneus, ce qui \u00e9tait un peu trop pour la fin puisqu&rsquo;on a d\u00fb en l\u00e2cher dans le dernier tour. Mais bon, on n&rsquo;avait plus personne avec qui se battre de toute fa\u00e7on.\u00a0\u00bb <\/p>\n<p>\u00ab\u00a0On s&rsquo;est plac\u00e9 dans des positions qui \u00e9taient int\u00e9ressantes, on \u00e9tait dans les points \u00e0 un moment donn\u00e9 et c&rsquo;est \u00e7a qu&rsquo;on voulait : qu&rsquo;\u00e0 un moment il se passe quelque chose et que l&rsquo;on soit dans cette position. On a fait ce qu&rsquo;il fallait.\u00a0\u00bb<\/p>\n<p>Compte tenu des strat\u00e9gies diff\u00e9rentes, Esteban Ocon s&rsquo;est logiquement effac\u00e9 au profit d&rsquo;<a href=\"https:\/\/fr.motorsport.com\/driver\/oliver-bearman\/878515\/\" target=\"_blank\" rel=\"noopener\">Oliver Bearman<\/a> apr\u00e8s l&rsquo;arr\u00eat au stand du Britannique, mais les deux pilotes ont termin\u00e9 loin des points, 13e et 14e.<\/p>\n<p>Des probl\u00e8mes diff\u00e9rents chaque semaine<br \/>\n   <img decoding=\"async\" draggable=\"false\" src=\"https:\/\/www.europesays.com\/fr\/wp-content\/uploads\/2025\/04\/1745243469_472_esteban-ocon-haas-f1-team.jpg\" alt=\"Esteban Ocon est en qu\u00eate de constance au volant de la VF-25.\" width=\"1200\" height=\"800\" loading=\"lazy\"\/> <\/p>\n<p class=\"title\">Esteban Ocon est en qu\u00eate de constance au volant de la VF-25.<\/p>\n<p class=\"photographer\">Photo de: Lars Baron<\/p>\n<p>Reconnaissant avoir v\u00e9cu \u00ab\u00a0un week-end assez compliqu\u00e9\u00a0\u00bb, le Normand fait un v\u0153u \u00e9vident pour la suite de sa saison : \u00ab\u00a0Il faut que l&rsquo;on soit tout le temps dans des positions comme on l&rsquo;\u00e9tait \u00e0 Bahre\u00efn. Il faut que l&rsquo;on mette tout dans l&rsquo;ordre et [que l&rsquo;on soit] plus constants en performance\u00a0\u00bb.<\/p>\n<p>Car le bilan des trois week-ends de Grands Prix cons\u00e9cutifs a des allures de montagnes russes, r\u00e9sultant de difficult\u00e9s qui n&rsquo;ont jamais \u00e9t\u00e9 les m\u00eames d&rsquo;un circuit \u00e0 l&rsquo;autre.<\/p>\n<p>\u00ab\u00a0En sortant de cette s\u00e9quence de trois courses, je pense qu&rsquo;il y a eu du positif, mais on a aussi termin\u00e9 sur une note un peu n\u00e9gative avec la derni\u00e8re course\u00a0\u00bb, r\u00e9sume Esteban Ocon. \u00ab\u00a0Globalement, on a marqu\u00e9 un bon nombre de points au niveau de l&rsquo;\u00e9quipe.\u00a0\u00bb <\/p>\n<p>\u00ab\u00a0Il faut clairement r\u00e9ussir \u00e0 assembler toutes les pi\u00e8ces du puzzle et parvenir \u00e0 tout mettre ensemble \u00e0 chaque fois, parce qu&rsquo;on a rencontr\u00e9 des probl\u00e8mes diff\u00e9rents tout au long des trois derniers Grands Prix.\u00a0Et c&rsquo;est \u00e7a qui nous a un peu p\u00e9nalis\u00e9s, donc il va falloir qu&rsquo;on tire des enseignements de cette course. J&rsquo;esp\u00e8re qu&rsquo;on pourra en tirer des informations utiles et revenir plus forts \u00e0 Miami.\u00a0\u00bb<\/p>\n<p>Lire aussi :<\/p>\n<p>Dans cet article<\/p>\n<p>    Basile Davoine\n<\/p>\n<p>    Formule 1\n<\/p>\n<p>    Esteban Ocon\n<\/p>\n<p>    Haas\n<\/p>\n<p>Soyez le premier inform\u00e9 et souscrivez aux alertes mails pour recevoir les infos en temps r\u00e9el<\/p>\n<p>    S&rsquo;abonner aux alertes de news<\/p>\n","protected":false},"excerpt":{"rendered":"Esteban Ocon l&rsquo;avait tr\u00e8s bien d\u00e9crit avant le Grand Prix d&rsquo;Arabie saoudite, y compris \u00e0 l&rsquo;issue des qualifications&hellip;\n","protected":false},"author":2,"featured_media":41631,"comment_status":"","ping_status":"","sticky":false,"template":"","format":"standard","meta":{"footnotes":""},"categories":[1412],"tags":[11446,2249,1451,1452,1453,1454,1455,1011,27,11445,4443,60],"class_list":{"0":"post-41630","1":"post","2":"type-post","3":"status-publish","4":"format-standard","5":"has-post-thumbnail","7":"category-f1","8":"tag-circuit-urbain-de-djeddah","9":"tag-esteban-ocon","10":"tag-f1","11":"tag-formula-1","12":"tag-formula1","13":"tag-formule-1","14":"tag-formule1","15":"tag-fr","16":"tag-france","17":"tag-gp-darabie-saoudite","18":"tag-haas","19":"tag-sports"},"share_on_mastodon":{"url":"https:\/\/pubeurope.com\/@fr\/114376283487781107","error":""},"_links":{"self":[{"href":"https:\/\/www.europesays.com\/fr\/wp-json\/wp\/v2\/posts\/41630","targetHints":{"allow":["GET"]}}],"collection":[{"href":"https:\/\/www.europesays.com\/fr\/wp-json\/wp\/v2\/posts"}],"about":[{"href":"https:\/\/www.europesays.com\/fr\/wp-json\/wp\/v2\/types\/post"}],"author":[{"embeddable":true,"href":"https:\/\/www.europesays.com\/fr\/wp-json\/wp\/v2\/users\/2"}],"replies":[{"embeddable":true,"href":"https:\/\/www.europesays.com\/fr\/wp-json\/wp\/v2\/comments?post=41630"}],"version-history":[{"count":0,"href":"https:\/\/www.europesays.com\/fr\/wp-json\/wp\/v2\/posts\/41630\/revisions"}],"wp:featuredmedia":[{"embeddable":true,"href":"https:\/\/www.europesays.com\/fr\/wp-json\/wp\/v2\/media\/41631"}],"wp:attachment":[{"href":"https:\/\/www.europesays.com\/fr\/wp-json\/wp\/v2\/media?parent=41630"}],"wp:term":[{"taxonomy":"category","embeddable":true,"href":"https:\/\/www.europesays.com\/fr\/wp-json\/wp\/v2\/categories?post=41630"},{"taxonomy":"post_tag","embeddable":true,"href":"https:\/\/www.europesays.com\/fr\/wp-json\/wp\/v2\/tags?post=41630"}],"curies":[{"name":"wp","href":"https:\/\/api.w.org\/{rel}","templated":true}]}}