{"id":416300,"date":"2025-09-25T10:52:12","date_gmt":"2025-09-25T10:52:12","guid":{"rendered":"https:\/\/www.europesays.com\/fr\/416300\/"},"modified":"2025-09-25T10:52:12","modified_gmt":"2025-09-25T10:52:12","slug":"pierre-palmade-est-en-train-de-payer-sa-condamnation-son-ex-amant-celebre-raconte-sa-nouvelle-vie","status":"publish","type":"post","link":"https:\/\/www.europesays.com\/fr\/416300\/","title":{"rendered":"Pierre Palmade est en \u201ctrain de payer\u201d sa condamnation, son ex-amant c\u00e9l\u00e8bre raconte sa nouvelle vie"},"content":{"rendered":"<p>En f\u00e9vrier 2023, la vie de Pierre Palmade a bascul\u00e9. Sous<br \/>\nl\u2019effet de <strong>stup\u00e9fiants<\/strong>, il a \u00e9t\u00e9 \u00e0 l\u2019origine d\u2019un<br \/>\ngrave <strong>accident<\/strong> de la route en Seine-et-Marne,<br \/>\nblessant s\u00e9rieusement trois personnes, dont une femme enceinte qui<br \/>\na tragiquement perdu son enfant. Lors de son proc\u00e8s, il a \u00e9t\u00e9<br \/>\nreconnu coupable de blessures involontaires aggrav\u00e9es et condamn\u00e9 \u00e0<br \/>\ncinq ans de prison, dont deux fermes.<\/p>\n<p>Depuis, plusieurs proches lui ont tourn\u00e9 le dos, y compris son<br \/>\nancienne partenaire de sc\u00e8ne <a href=\"https:\/\/www.closermag.fr\/people\/muriel-robin-avec-une-canne-ces-images-prises-discretement-a-roland-garros-que-vous-navez-pas-vues-3553566\" target=\"_blank\" rel=\"noopener\"><br \/>\nMuriel Robin<\/a>. Ce mercredi 24 septembre, une r\u00e9v\u00e9lation<br \/>\ninattendue a secou\u00e9 le public : Vincent Mc Doom, invit\u00e9 dans Le<br \/>\nJet de Luxe pr\u00e9sent\u00e9 par <a href=\"https:\/\/www.closermag.fr\/people\/jordan-de-luxe-outre-une-star-de-la-tele-realite-vrille-et-baisse-son-calecon-en-pleine-emission-3580462\" target=\"_blank\" rel=\"noopener\"><br \/>\nJordan de Luxe<\/a>, a confi\u00e9 avoir entretenu une relation avec<br \/>\nPierre Palmade. Il a \u00e9galement livr\u00e9 des<br \/>\n<strong>confidences<\/strong> sur l\u2019ancien humoriste et son<br \/>\nquotidien actuel.<\/p>\n<p>Vincent Mc Doom raconte sa<br \/>\nliaison secr\u00e8te avec Pierre Palmade<\/p>\n<p data-start=\"157\" data-end=\"1611\">\u00ab\u00a0Je ne coucherai jamais<br \/>\navec quelqu\u2019un avec qui je travaille. \u00c7a m\u2019est arriv\u00e9 une fois. \u00c7a<br \/>\ns\u2019est mal termin\u00e9. J\u2019ai gard\u00e9 une certaine amiti\u00e9 avec cette<br \/>\npersonne-l\u00e0, mais \u00e7a s\u2019est mal termin\u00e9 pour lui et moi. C\u2019\u00e9tait<br \/>\nPierre Palmade en fait. <strong>J\u2019\u00e9tais en couple avec lui pendant<br \/>\nsix mois<\/strong>\u00ab\u00a0, a confi\u00e9 <a href=\"https:\/\/www.closermag.fr\/people\/pierre-palmade-en-couple-avec-vincent-mcdoom-la-drogue-aurait-eu-raison-de-leur-amour-3582200\" target=\"_blank\" rel=\"noopener\"><br \/>\nVincent Mc Doom<\/a>, provoquant la stup\u00e9faction de<br \/>\nl\u2019intervieweur.<\/p>\n<p data-start=\"157\" data-end=\"1611\">Le <a href=\"https:\/\/www.closermag.fr\/people\/quatre-fois-par-semaine-vincent-mc-doom-se-confie-sur-les-abus-sexuels-dont-il-a-ete-victime-a-ladolescence-3263316https:\/\/www.closermag.fr\/people\/quatre-fois-par-semaine-vincent-mc-doom-se-confie-sur-les-abus-sexuels-dont-il-a-ete-victime-a-ladolescence-3263316\" target=\"_blank\" rel=\"noopener\"><br \/>\nstyliste<\/a> a poursuivi : \u00ab\u00a0Quand Pierre a eu des d\u00e9boires avec<br \/>\nla justice par rapport \u00e0 tout ce qu\u2019il s\u2019est pass\u00e9, j\u2019ai eu<br \/>\nbeaucoup de coups de fil de la presse qui voulait que je parle,<br \/>\nparce qu\u2019elle avait \u00e9t\u00e9 mise au courant de notre histoire. Une<br \/>\nfois, il y a eu dans une histoire qui \u00e9tait sortie selon laquelle<br \/>\nj\u2019\u00e9tais en couple avec Pierre. <strong>Je suis parti \u00e0 Mougins avec<br \/>\nlui<\/strong>. Jean-Marie Bigard le sait aussi parce qu\u2019on a pass\u00e9<br \/>\ndes week-ends chez lui\u00a0\u00bb.<\/p>\n<p>Son<br \/>\nex-amant raconte sa nouvelle vie<\/p>\n<p data-start=\"1721\" data-end=\"2622\">Malgr\u00e9 l\u2019intensit\u00e9 de leur<br \/>\nliaison, celle-ci a rapidement pris fin. \u00ab\u00a0\u00c7a s\u2019est arr\u00eat\u00e9 tout<br \/>\nsimplement parce que le mode de vie de Pierre n\u2019allait pas avec le<br \/>\nmien\u00a0\u00bb, a expliqu\u00e9 Vincent Mc Doom. Interrog\u00e9 sur l\u2019usage de<br \/>\ndrogues, il a pr\u00e9cis\u00e9 : \u00ab\u00a0Effectivement, c\u2019est l\u2019une des raisons<br \/>\npour lesquelles <strong>je l\u2019ai quitt\u00e9<\/strong>. Je ne bois pas, je<br \/>\nne fume pas et Pierre \u00e9tait quelqu\u2019un qui vivait \u00e0 100 \u00e0 l\u2019heure.<br \/>\nJe suis quelqu\u2019un de beaucoup plus calme\u00a0\u00bb.<\/p>\n<p data-start=\"2624\" data-end=\"3285\">Aujourd\u2019hui, Vincent Mc Doom<br \/>\nne nourrit aucun ressentiment envers <a href=\"https:\/\/www.closermag.fr\/people\/pierre-palmade-un-ex-amant-celebre-sort-du-bois-et-balance-sur-leur-relation-secrete-des-week-ends-chez-jean-marie-bigard-3581959\" target=\"_blank\" rel=\"noopener\"><br \/>\nPierre Palmade<\/a>. \u00ab\u00a0Je n\u2019ai pas de nouvelles de lui. Je sais<br \/>\n<strong>qu\u2019il est entre Bordeaux et Paris<\/strong>. Je trouve qu\u2019il<br \/>\nprend les choses de la mani\u00e8re dont il devait le faire. Je crois<br \/>\naussi que si tu fais du bien, il y a des cons\u00e9quences et si tu fais<br \/>\ndu mal, il y en a aussi. Il faut l\u2019accepter. Pour le moment, Pierre<br \/>\nest en train d\u2019accepter les cons\u00e9quences de ce qu\u2019il a fait et je<br \/>\nsuis fier de lui. <strong>Il est en train de payer et de faire le<br \/>\nn\u00e9cessaire pour aller bien<\/strong>. Je trouve que c\u2019est<br \/>\nimportant\u00a0\u00bb, a conclu l\u2019ex-acolyte, livrant \u00e9galement quelques<br \/>\nconfidences sur la vie actuelle de l\u2019humoriste.<\/p>\n","protected":false},"excerpt":{"rendered":"En f\u00e9vrier 2023, la vie de Pierre Palmade a bascul\u00e9. Sous l\u2019effet de stup\u00e9fiants, il a \u00e9t\u00e9 \u00e0&hellip;\n","protected":false},"author":2,"featured_media":416301,"comment_status":"","ping_status":"","sticky":false,"template":"","format":"standard","meta":{"footnotes":""},"categories":[1359],"tags":[548,58,59,1011,27,973,1250,54647],"class_list":{"0":"post-416300","1":"post","2":"type-post","3":"status-publish","4":"format-standard","5":"has-post-thumbnail","7":"category-people","8":"tag-article-simple","9":"tag-divertissement","10":"tag-entertainment","11":"tag-fr","12":"tag-france","13":"tag-people","14":"tag-pierre-palmade","15":"tag-vincent-mc-doom"},"share_on_mastodon":{"url":"https:\/\/pubeurope.com\/@fr\/115264562442121596","error":""},"_links":{"self":[{"href":"https:\/\/www.europesays.com\/fr\/wp-json\/wp\/v2\/posts\/416300","targetHints":{"allow":["GET"]}}],"collection":[{"href":"https:\/\/www.europesays.com\/fr\/wp-json\/wp\/v2\/posts"}],"about":[{"href":"https:\/\/www.europesays.com\/fr\/wp-json\/wp\/v2\/types\/post"}],"author":[{"embeddable":true,"href":"https:\/\/www.europesays.com\/fr\/wp-json\/wp\/v2\/users\/2"}],"replies":[{"embeddable":true,"href":"https:\/\/www.europesays.com\/fr\/wp-json\/wp\/v2\/comments?post=416300"}],"version-history":[{"count":0,"href":"https:\/\/www.europesays.com\/fr\/wp-json\/wp\/v2\/posts\/416300\/revisions"}],"wp:featuredmedia":[{"embeddable":true,"href":"https:\/\/www.europesays.com\/fr\/wp-json\/wp\/v2\/media\/416301"}],"wp:attachment":[{"href":"https:\/\/www.europesays.com\/fr\/wp-json\/wp\/v2\/media?parent=416300"}],"wp:term":[{"taxonomy":"category","embeddable":true,"href":"https:\/\/www.europesays.com\/fr\/wp-json\/wp\/v2\/categories?post=416300"},{"taxonomy":"post_tag","embeddable":true,"href":"https:\/\/www.europesays.com\/fr\/wp-json\/wp\/v2\/tags?post=416300"}],"curies":[{"name":"wp","href":"https:\/\/api.w.org\/{rel}","templated":true}]}}