{"id":416303,"date":"2025-09-25T10:54:10","date_gmt":"2025-09-25T10:54:10","guid":{"rendered":"https:\/\/www.europesays.com\/fr\/416303\/"},"modified":"2025-09-25T10:54:10","modified_gmt":"2025-09-25T10:54:10","slug":"il-ny-a-que-leurope-qui-puisse-relever-le-defi-dans-son-nouveau-livre-la-dinardaise-nicole-gnesotto-sinterroge-sur-les-societes-occidentales","status":"publish","type":"post","link":"https:\/\/www.europesays.com\/fr\/416303\/","title":{"rendered":"\u00ab\u00a0Il n\u2019y a que l\u2019Europe qui puisse relever le d\u00e9fi\u00a0\u00bb\u00a0: dans son nouveau livre, la Dinardaise Nicole Gnesotto s\u2019interroge sur les soci\u00e9t\u00e9s occidentales"},"content":{"rendered":"<p>\u00ab Fractures dans l\u2019Occident \u00bb, c\u2019est le nouveau livre publi\u00e9 par l<a href=\"https:\/\/www.letelegramme.fr\/ille-et-vilaine\/dinard-35800\/la-dinardaise-nicole-gnesotto-publie-un-nouveau-livre-6664316.php\" target=\"_blank\" rel=\"noopener\">\u2019historienne dinardaise Nicole Gnesotto<\/a> aux \u00e9ditions Odile Jacob. \u00ab Notre monde fond\u00e9 par et pour les Occidentaux se fracture plus profond\u00e9ment que jamais \u00bb, alerte Nicole Gnesotto, vice-pr\u00e9sidente de l\u2019Institut Jacques-Delors et professeure \u00e9m\u00e9rite au Conservatoire national des arts et m\u00e9tiers.<\/p>\n<p>\u00ab Quelque chose s\u2019est bris\u00e9 \u00bb<\/p>\n<p>Dans son ouvrage, l\u2019auteure s\u2019interroge sur les raisons pour lesquelles \u00ab des soci\u00e9t\u00e9s aussi d\u00e9velopp\u00e9es, libres, prosp\u00e8res, \u00e9duqu\u00e9es que les soci\u00e9t\u00e9s occidentales finissent par honnir ce qui a fait leur puissance et leur libert\u00e9 ? \u00bb \u00ab Quelque chose ne va plus dans l\u2019Occident, quelque chose s\u2019est bris\u00e9, sournoisement, progressivement, que nous n\u2019avons pas vu venir. Qu\u2019avons-nous rat\u00e9 ? Il faut imp\u00e9rativement tenter de comprendre ce vent de folie qui fracture l\u2019Occident si l\u2019on veut r\u00e9pondre, contrecarrer, freiner, voire arr\u00eater le triomphe d\u2019un autoritarisme \u00e0 venir, fossoyeur des libert\u00e9s les plus fondamentales de nos soci\u00e9t\u00e9s. \u00bb<\/p>\n<p>Selon l\u2019historienne, \u00ab deux images feront date dans l\u2019effondrement de l\u2019Occident. La premi\u00e8re est celle du salut d\u2019Elon Musk lors d\u2019un meeting, le jour de l\u2019investiture de Donald Trump \u00e0 Washington. La seconde se passe \u00e0 Munich en f\u00e9vrier dernier, lors du discours de cl\u00f4ture sur la politique de s\u00e9curit\u00e9 internationale. Christoph Heusgen, le pr\u00e9sident de ce forum, pleure. Parlant des relations transatlantiques, il avoue sa hantise : \u00ab il est \u00e0 craindre que notre base de valeurs communes ne soit d\u00e9sormais plus si commune \u00bb. C\u2019est peut-\u00eatre en Europe, cette autre moiti\u00e9 jadis si puissante de l\u2019occident, que r\u00e9sident les r\u00e9ponses. Car selon elle : \u00ab Il n\u2019y a que l\u2019Europe qui puisse relever le d\u00e9fi \u00bb.<\/p>\n<p><b>Pratique<\/b><\/p>\n<p class=\"tech\">\u00ab Fractures dans l\u2019Occident \u00bb de Nicole Gnesotto aux \u00e9ditions Odile Jacob. Prix : 22,90 \u20ac. En librairie \u00e0 partir de ce mercredi 1er octobre.<\/p>\n","protected":false},"excerpt":{"rendered":"\u00ab Fractures dans l\u2019Occident \u00bb, c\u2019est le nouveau livre publi\u00e9 par l\u2019historienne dinardaise Nicole Gnesotto aux \u00e9ditions Odile&hellip;\n","protected":false},"author":2,"featured_media":416304,"comment_status":"","ping_status":"","sticky":false,"template":"","format":"standard","meta":{"footnotes":""},"categories":[1357],"tags":[1379,24351,58,59,1011,27,1380],"class_list":{"0":"post-416303","1":"post","2":"type-post","3":"status-publish","4":"format-standard","5":"has-post-thumbnail","7":"category-livres","8":"tag-books","9":"tag-dinard","10":"tag-divertissement","11":"tag-entertainment","12":"tag-fr","13":"tag-france","14":"tag-livres"},"share_on_mastodon":{"url":"https:\/\/pubeurope.com\/@fr\/115264570327100402","error":""},"_links":{"self":[{"href":"https:\/\/www.europesays.com\/fr\/wp-json\/wp\/v2\/posts\/416303","targetHints":{"allow":["GET"]}}],"collection":[{"href":"https:\/\/www.europesays.com\/fr\/wp-json\/wp\/v2\/posts"}],"about":[{"href":"https:\/\/www.europesays.com\/fr\/wp-json\/wp\/v2\/types\/post"}],"author":[{"embeddable":true,"href":"https:\/\/www.europesays.com\/fr\/wp-json\/wp\/v2\/users\/2"}],"replies":[{"embeddable":true,"href":"https:\/\/www.europesays.com\/fr\/wp-json\/wp\/v2\/comments?post=416303"}],"version-history":[{"count":0,"href":"https:\/\/www.europesays.com\/fr\/wp-json\/wp\/v2\/posts\/416303\/revisions"}],"wp:featuredmedia":[{"embeddable":true,"href":"https:\/\/www.europesays.com\/fr\/wp-json\/wp\/v2\/media\/416304"}],"wp:attachment":[{"href":"https:\/\/www.europesays.com\/fr\/wp-json\/wp\/v2\/media?parent=416303"}],"wp:term":[{"taxonomy":"category","embeddable":true,"href":"https:\/\/www.europesays.com\/fr\/wp-json\/wp\/v2\/categories?post=416303"},{"taxonomy":"post_tag","embeddable":true,"href":"https:\/\/www.europesays.com\/fr\/wp-json\/wp\/v2\/tags?post=416303"}],"curies":[{"name":"wp","href":"https:\/\/api.w.org\/{rel}","templated":true}]}}