{"id":416305,"date":"2025-09-25T10:55:13","date_gmt":"2025-09-25T10:55:13","guid":{"rendered":"https:\/\/www.europesays.com\/fr\/416305\/"},"modified":"2025-09-25T10:55:13","modified_gmt":"2025-09-25T10:55:13","slug":"dans-c-a-vous-bertrand-chameroy-etrille-pascal-praud-et-cnews-dans-une-parodie","status":"publish","type":"post","link":"https:\/\/www.europesays.com\/fr\/416305\/","title":{"rendered":"Dans \u00ab\u00a0C \u00e0 vous\u00a0\u00bb, Bertrand Chameroy \u00e9trille Pascal Praud et CNews dans une parodie"},"content":{"rendered":"<p>        <img decoding=\"async\" loading=\"lazy\" src=\"https:\/\/www.europesays.com\/fr\/wp-content\/uploads\/2025\/09\/e94b40c_upload-1-9ozs34rora7d-chameroy.jpg\"  width=\"728\" height=\"409\" alt=\"Bertrand Chameroy, ici grim\u00e9 en Pascal Praud dans \u00ab\u00a0C \u00e0 vous\u00a0\u00bb sur France 5 le 24\u00a0septembre 2025.\"\/>  <\/p>\n<p>YouTube C \u00e0 vous<\/p>\n<p>Bertrand Chameroy, ici grim\u00e9 en Pascal Praud dans \u00ab\u00a0C \u00e0 vous\u00a0\u00bb sur France 5 le 24\u00a0septembre 2025.<\/p>\n<p class=\"asset asset-text\">T\u00c9L\u00c9VISION &#8211; Un air ent\u00eatant, mais pas hilarant pour tout le monde. Mercredi 24\u00a0septembre, dans la s\u00e9quence \u00ab\u00a0L\u2019ABC\u00a0\u00bb de <a href=\"https:\/\/www.huffingtonpost.fr\/medias\/article\/france-inter-confie-a-bertrand-chameroy-le-billet-d-humour-de-7h55-apres-le-depart-de-matthieu-noel_251881.html\" target=\"_blank\" rel=\"noopener\">Bertrand Chameroy<\/a>, le chroniqueur de <a href=\"https:\/\/www.huffingtonpost.fr\/culture\/article\/dans-c-a-vous-gad-elmaleh-revient-sur-les-accusations-de-plagiat-dont-il-avait-fait-l-objet_255041.html\" target=\"_blank\" rel=\"noopener\">C \u00e0 vous<\/a> a offert aux t\u00e9l\u00e9spectateurs de France 5 une chanson un peu sp\u00e9ciale. Revenant sur \u00ab\u00a0l\u2019obsession\u00a0\u00bb de CNews pour <a href=\"https:\/\/www.huffingtonpost.fr\/politique\/article\/marine-le-pen-reclame-le-depart-de-delphine-ernotte-la-presidente-de-france-televisions_255066.html\" target=\"_blank\" rel=\"noopener\">France T\u00e9l\u00e9visions<\/a>, Bertrand Chameroy a imagin\u00e9 une parodie du titre mythique des Enfoir\u00e9s, La Chanson des restos. Avec en chef d\u2019orchestre\u00a0: lui-m\u00eame, grim\u00e9 en Pascal Praud.<\/p>\n<p class=\"asset asset-text\">Il nous pr\u00e9sente donc les \u00ab\u00a0Praud, Levy, Villiers, Morandini&#8230;\u00a0\u00bb, qui se r\u00e9unissent \u00ab\u00a0pour [nous] proposer \u201cLa chanson du bistro\u201d, un hymne poignant\u00a0\u00bb. Affubl\u00e9 d\u2019une perruque poivre et sel et de lunettes rectangulaires rouges pos\u00e9es sur le bout de son nez, Bertrand Chameroy m\u00e8ne \u00ab\u00a0le ch\u0153ur\u00a0\u00bb depuis un faux plateau de CNews, <strong>comme on peut le voir dans la vid\u00e9o un peu plus bas<\/strong>.<\/p>\n<p class=\"asset asset-text\">La chanson d\u00e9roule alors sur la m\u00e9lodie de celle des Enfoir\u00e9s\u00a0: \u00ab\u00a0aujourd\u2019hui, je r\u00e9clame le droit, de dire qu\u2019la France c\u2019est plus chez moi. Mes imp\u00f4ts, qui payent Chameroy, Patrick Cohen, \u201cTaratata\u201d\u00a0\u00bb&#8230; Reprenant des phrases de la chanson originale, le faux Praud promet \u00ab\u00a0des analyses de comptoir, beaucoup de vin, peu de rigueur, dans le bistro du c\u0153ur\u00a0\u00bb, tout en imitant par sa gestuelle et ses expressions le pr\u00e9sentateur de la cha\u00eene du groupe Bollor\u00e9\u00a0: \u00ab\u00a0mais je dis les choses\u00a0\u00bb. On peut \u00e9galement le voir tenant un exemplaire du magazine Valeurs actuelles, titre de presse \u00e9galement propri\u00e9t\u00e9 de Vincent Bollor\u00e9.<\/p>\n<p> La lecture de ce contenu est susceptible d\u2019entra\u00eener un d\u00e9p\u00f4t de cookies de la part de l\u2019op\u00e9rateur tiers qui l\u2019h\u00e9berge. Compte-tenu des choix que vous avez exprim\u00e9s en mati\u00e8re de d\u00e9p\u00f4t de cookies, nous avons bloqu\u00e9 l\u2019affichage de ce contenu. Si vous souhaitez y acc\u00e9der, vous devez accepter la cat\u00e9gorie de cookies \u201cContenus tiers\u201d en cliquant sur le bouton ci-dessous. <\/p>\n<p> Lire la Vid\u00e9o        <\/p>\n<p class=\"asset asset-text\">Comme le rappelle Bertrand Chameroy, depuis la publication d\u2019un rapport de la Cour des comptes sur les finances de France T\u00e9l\u00e9visions, les m\u00e9dias du groupe Bollor\u00e9 sont \u00ab\u00a0en boucle sur le sujet\u00a0\u00bb. Cons\u00e9quence, en moins de 24h sur les plateaux de CNews, les intervenants ont notamment prononc\u00e9 \u00ab\u00a017\u00a0fois l\u2019expression \u201cavec notre argent\u201d.\u00a0\u00bb<\/p>\n<p class=\"asset asset-text\">Le rapport publi\u00e9 le 23\u00a0septembre mentionne la domination du groupe Bollor\u00e9 en ce qui concerne les audiences mais \u00e9galement comme source d\u2019information pour les Fran\u00e7ais. Mais il \u00e9voque aussi une situation financi\u00e8re \u00ab\u00a0lourdement d\u00e9grad\u00e9e\u00a0\u00bb chez France T\u00e9l\u00e9visions, engageant l\u2019entreprise du service public \u00e0 effectuer des \u00ab\u00a0r\u00e9formes structurelles sans d\u00e9lai\u00a0\u00bb pour restaurer l\u2019\u00e9quilibre.<\/p>\n","protected":false},"excerpt":{"rendered":"YouTube C \u00e0 vous Bertrand Chameroy, ici grim\u00e9 en Pascal Praud dans \u00ab\u00a0C \u00e0 vous\u00a0\u00bb sur France 5&hellip;\n","protected":false},"author":2,"featured_media":416306,"comment_status":"","ping_status":"","sticky":false,"template":"","format":"standard","meta":{"footnotes":""},"categories":[1356],"tags":[11343,5632,9722,58,59,1011,27,4467,10160,252,1364],"class_list":{"0":"post-416305","1":"post","2":"type-post","3":"status-publish","4":"format-standard","5":"has-post-thumbnail","7":"category-television","8":"tag-bertrand-chameroy","9":"tag-c-a-vous","10":"tag-cnews","11":"tag-divertissement","12":"tag-entertainment","13":"tag-fr","14":"tag-france","15":"tag-france-5","16":"tag-pascal-praud","17":"tag-television","18":"tag-tv"},"share_on_mastodon":{"url":"https:\/\/pubeurope.com\/@fr\/115264574685624984","error":""},"_links":{"self":[{"href":"https:\/\/www.europesays.com\/fr\/wp-json\/wp\/v2\/posts\/416305","targetHints":{"allow":["GET"]}}],"collection":[{"href":"https:\/\/www.europesays.com\/fr\/wp-json\/wp\/v2\/posts"}],"about":[{"href":"https:\/\/www.europesays.com\/fr\/wp-json\/wp\/v2\/types\/post"}],"author":[{"embeddable":true,"href":"https:\/\/www.europesays.com\/fr\/wp-json\/wp\/v2\/users\/2"}],"replies":[{"embeddable":true,"href":"https:\/\/www.europesays.com\/fr\/wp-json\/wp\/v2\/comments?post=416305"}],"version-history":[{"count":0,"href":"https:\/\/www.europesays.com\/fr\/wp-json\/wp\/v2\/posts\/416305\/revisions"}],"wp:featuredmedia":[{"embeddable":true,"href":"https:\/\/www.europesays.com\/fr\/wp-json\/wp\/v2\/media\/416306"}],"wp:attachment":[{"href":"https:\/\/www.europesays.com\/fr\/wp-json\/wp\/v2\/media?parent=416305"}],"wp:term":[{"taxonomy":"category","embeddable":true,"href":"https:\/\/www.europesays.com\/fr\/wp-json\/wp\/v2\/categories?post=416305"},{"taxonomy":"post_tag","embeddable":true,"href":"https:\/\/www.europesays.com\/fr\/wp-json\/wp\/v2\/tags?post=416305"}],"curies":[{"name":"wp","href":"https:\/\/api.w.org\/{rel}","templated":true}]}}