{"id":416311,"date":"2025-09-25T10:58:12","date_gmt":"2025-09-25T10:58:12","guid":{"rendered":"https:\/\/www.europesays.com\/fr\/416311\/"},"modified":"2025-09-25T10:58:12","modified_gmt":"2025-09-25T10:58:12","slug":"un-patient-opere-pour-la-premiere-fois-par-robot-aux-hospices","status":"publish","type":"post","link":"https:\/\/www.europesays.com\/fr\/416311\/","title":{"rendered":"un patient op\u00e9r\u00e9 pour la premi\u00e8re fois par robot aux Hospices"},"content":{"rendered":"<p>William Martin a le sourire. Install\u00e9 sur son lit d\u2019h\u00f4pital, l\u2019homme de 63 ans, originaire de Saint-Loup-G\u00e9anges en Sa\u00f4ne-et-Loire, vient tout juste d\u2019\u00eatre op\u00e9r\u00e9 d\u2019une ablation de la v\u00e9sicule biliaire (chol\u00e9cystectomie). Si l\u2019op\u00e9ration est courante, elle marque pourtant une nouvelle \u00e9tape pour les Hospices civils, en \u00e9tant la premi\u00e8re intervention r\u00e9alis\u00e9e, \u00e0 Beaune, \u00e0 l\u2019aide du robot chirurgical Da Vinci Xi, re\u00e7u en juin dernier.<\/p>\n<p>\u00ab\u00a0Toute l\u2019\u00e9quipe \u00e9tait pr\u00eate. Nous avons tous \u00e9t\u00e9 form\u00e9s pendant plusieurs mois sur le robot et son environnement. Anesth\u00e9sistes, infirmiers et infirmi\u00e8res de bloc, chirurgiens, rien n\u2019a \u00e9t\u00e9 laiss\u00e9 au hasard et l\u2019op\u00e9ration a \u00e9t\u00e9 un succ\u00e8s\u00a0\u00bb, remarque, mardi 23\u00a0septembre, le docteur Melkart Basile, chirurgien visc\u00e9ral et digestif, chef du bloc&#8230;<\/p>\n","protected":false},"excerpt":{"rendered":"William Martin a le sourire. Install\u00e9 sur son lit d\u2019h\u00f4pital, l\u2019homme de 63 ans, originaire de Saint-Loup-G\u00e9anges en&hellip;\n","protected":false},"author":2,"featured_media":416312,"comment_status":"","ping_status":"","sticky":false,"template":"","format":"standard","meta":{"footnotes":""},"categories":[10],"tags":[12095,12096,2931,33,10975,107,1011,27,72,71,4604,273,6182],"class_list":{"0":"post-416311","1":"post","2":"type-post","3":"status-publish","4":"format-standard","5":"has-post-thumbnail","7":"category-sante","8":"tag-beaune","9":"tag-beaune-ville","10":"tag-cote-dor","11":"tag-economie","12":"tag-edition-beaune-et-sa-region","13":"tag-fil-info","14":"tag-fr","15":"tag-france","16":"tag-health","17":"tag-sante","18":"tag-selection-abonne","19":"tag-selection-de-la-redaction","20":"tag-vins-et-viticulture"},"share_on_mastodon":{"url":"https:\/\/pubeurope.com\/@fr\/115264585942096100","error":""},"_links":{"self":[{"href":"https:\/\/www.europesays.com\/fr\/wp-json\/wp\/v2\/posts\/416311","targetHints":{"allow":["GET"]}}],"collection":[{"href":"https:\/\/www.europesays.com\/fr\/wp-json\/wp\/v2\/posts"}],"about":[{"href":"https:\/\/www.europesays.com\/fr\/wp-json\/wp\/v2\/types\/post"}],"author":[{"embeddable":true,"href":"https:\/\/www.europesays.com\/fr\/wp-json\/wp\/v2\/users\/2"}],"replies":[{"embeddable":true,"href":"https:\/\/www.europesays.com\/fr\/wp-json\/wp\/v2\/comments?post=416311"}],"version-history":[{"count":0,"href":"https:\/\/www.europesays.com\/fr\/wp-json\/wp\/v2\/posts\/416311\/revisions"}],"wp:featuredmedia":[{"embeddable":true,"href":"https:\/\/www.europesays.com\/fr\/wp-json\/wp\/v2\/media\/416312"}],"wp:attachment":[{"href":"https:\/\/www.europesays.com\/fr\/wp-json\/wp\/v2\/media?parent=416311"}],"wp:term":[{"taxonomy":"category","embeddable":true,"href":"https:\/\/www.europesays.com\/fr\/wp-json\/wp\/v2\/categories?post=416311"},{"taxonomy":"post_tag","embeddable":true,"href":"https:\/\/www.europesays.com\/fr\/wp-json\/wp\/v2\/tags?post=416311"}],"curies":[{"name":"wp","href":"https:\/\/api.w.org\/{rel}","templated":true}]}}