{"id":416321,"date":"2025-09-25T11:03:09","date_gmt":"2025-09-25T11:03:09","guid":{"rendered":"https:\/\/www.europesays.com\/fr\/416321\/"},"modified":"2025-09-25T11:03:09","modified_gmt":"2025-09-25T11:03:09","slug":"une-femme-dissimule-le-corps-de-sa-fille-dans-un-congelateur-pendant-20-ans","status":"publish","type":"post","link":"https:\/\/www.europesays.com\/fr\/416321\/","title":{"rendered":"une femme dissimule le corps de sa fille dans un cong\u00e9lateur pendant 20 ans"},"content":{"rendered":"<p>Selon les autorit\u00e9s, la septuag\u00e9naire a reconnu avoir plac\u00e9 le corps dans l\u2019appareil pour limiter l\u2019odeur qui envahissait sa maison.<\/p>\n<p class=\"fig-paragraph\">Une Japonaise de 75 ans a \u00e9t\u00e9 arr\u00eat\u00e9e pour avoir conserv\u00e9 le corps de sa fille dans un cong\u00e9lateur pendant 20 ans, a indiqu\u00e9 la police ce jeudi. Plus t\u00f4t dans la semaine, une femme s&rsquo;est rendue \u00e0 la police avec un membre de sa famille pour signaler qu&rsquo;elle avait conserv\u00e9 un\u00a0<a href=\"https:\/\/www.lefigaro.fr\/international\/italie-un-homme-cachait-le-corps-de-sa-mere-dans-son-congelateur-pour-percevoir-sa-pension-20240829?msockid=2dda64b82db3621607b572ef2cba639a\" target=\"_blank\" data-fig-type=\"NewsFlash\" rel=\"sponsored noopener\" data-gtm-custom-categorie=\"navigation\" data-gtm-custom-action=\"crossclick\" data-gtm-custom-label=\"Contextuel\" data-gtm-event=\"customEventSPE\" data-fig-domain=\"LEFIGARO\">corps dans son cong\u00e9lateur<\/a>\u00a0et \u00abqu&rsquo;il s&rsquo;agissait de sa fille\u00bb n\u00e9e en 1975, a d\u00e9clar\u00e9 \u00e0 l&rsquo;AFP un porte-parole de la police locale.<\/p>\n<p class=\"fig-paragraph\">En se rendant dans la maison, situ\u00e9e au nord-est de\u00a0<a href=\"http:\/\/www.lefigaro.fr\/flash-eco\/marches-asiatiques-tokyo-leste-par-l-incertitude-politique-hong-kong-en-legere-hausse-20250903\" data-fig-type=\"NewsFlash\" data-gtm-custom-categorie=\"navigation\" data-gtm-custom-action=\"crossclick\" data-gtm-custom-label=\"Contextuel\" data-gtm-event=\"customEventSPE\" data-fig-domain=\"LEFIGARO\" target=\"_blank\" rel=\"noopener\">Tokyo<\/a>, les enqu\u00eateurs ont d\u00e9couvert le corps recroquevill\u00e9 d&rsquo;une femme, v\u00eatue d&rsquo;un T-shirt et de sous-v\u00eatements dans le cong\u00e9lateur. La police a pr\u00e9cis\u00e9 que \u00able corps \u00e9tait en \u00e9tat de d\u00e9composition avanc\u00e9e\u00bb et qu&rsquo;une autopsie allait \u00eatre r\u00e9alis\u00e9e pour d\u00e9terminer la cause de la mort.<\/p>\n<p>                                    <a class=\"fig-a11y-skip a11y-hidden\" href=\"#fig-a11y-skip-main-inarticle\"><br \/>\n        Passer la publicit\u00e9<br \/>\n    <\/a><\/p>\n<p class=\"fig-paragraph\">La femme, arr\u00eat\u00e9e pour suspicion d&rsquo;abandon de corps, a affirm\u00e9 aux enqu\u00eateurs que l&rsquo;odeur remplissait la maison et qu&rsquo;elle avait alors achet\u00e9 le cong\u00e9lateur pour y placer le corps de sa fille, selon le porte-parole de la police. Cette femme, qui avait plusieurs enfants, vivait seule depuis la mort de son mari il y a quelques semaines, a indiqu\u00e9 le porte-parole de la police.<\/p>\n","protected":false},"excerpt":{"rendered":"Selon les autorit\u00e9s, la septuag\u00e9naire a reconnu avoir plac\u00e9 le corps dans l\u2019appareil pour limiter l\u2019odeur qui envahissait&hellip;\n","protected":false},"author":2,"featured_media":416322,"comment_status":"","ping_status":"","sticky":false,"template":"","format":"standard","meta":{"footnotes":""},"categories":[5],"tags":[11,118,1011,27,14,2070,12,28],"class_list":{"0":"post-416321","1":"post","2":"type-post","3":"status-publish","4":"format-standard","5":"has-post-thumbnail","7":"category-international","8":"tag-actualites","9":"tag-faits-divers","10":"tag-fr","11":"tag-france","12":"tag-international","13":"tag-japon","14":"tag-news","15":"tag-world"},"share_on_mastodon":{"url":"https:\/\/pubeurope.com\/@fr\/115264605731445055","error":""},"_links":{"self":[{"href":"https:\/\/www.europesays.com\/fr\/wp-json\/wp\/v2\/posts\/416321","targetHints":{"allow":["GET"]}}],"collection":[{"href":"https:\/\/www.europesays.com\/fr\/wp-json\/wp\/v2\/posts"}],"about":[{"href":"https:\/\/www.europesays.com\/fr\/wp-json\/wp\/v2\/types\/post"}],"author":[{"embeddable":true,"href":"https:\/\/www.europesays.com\/fr\/wp-json\/wp\/v2\/users\/2"}],"replies":[{"embeddable":true,"href":"https:\/\/www.europesays.com\/fr\/wp-json\/wp\/v2\/comments?post=416321"}],"version-history":[{"count":0,"href":"https:\/\/www.europesays.com\/fr\/wp-json\/wp\/v2\/posts\/416321\/revisions"}],"wp:featuredmedia":[{"embeddable":true,"href":"https:\/\/www.europesays.com\/fr\/wp-json\/wp\/v2\/media\/416322"}],"wp:attachment":[{"href":"https:\/\/www.europesays.com\/fr\/wp-json\/wp\/v2\/media?parent=416321"}],"wp:term":[{"taxonomy":"category","embeddable":true,"href":"https:\/\/www.europesays.com\/fr\/wp-json\/wp\/v2\/categories?post=416321"},{"taxonomy":"post_tag","embeddable":true,"href":"https:\/\/www.europesays.com\/fr\/wp-json\/wp\/v2\/tags?post=416321"}],"curies":[{"name":"wp","href":"https:\/\/api.w.org\/{rel}","templated":true}]}}