{"id":416327,"date":"2025-09-25T11:06:19","date_gmt":"2025-09-25T11:06:19","guid":{"rendered":"https:\/\/www.europesays.com\/fr\/416327\/"},"modified":"2025-09-25T11:06:19","modified_gmt":"2025-09-25T11:06:19","slug":"loire-le-conducteur-perd-le-controle-et-percute-un-poteau-telephonique-et-internet-a-sorbiers","status":"publish","type":"post","link":"https:\/\/www.europesays.com\/fr\/416327\/","title":{"rendered":"Loire. Le conducteur perd le contr\u00f4le et percute un poteau t\u00e9l\u00e9phonique et internet \u00e0 Sorbiers"},"content":{"rendered":"<p>Ce jeudi 25\u00a0septembre, les \u00e9quipes des sapeurs-pompiers du Service d\u00e9partemental d\u2019incendie et de secours de la Loire (Sdis 42) sont intervenues peu apr\u00e8s 8\u00a0h 30, route de Saint-Chamond, sur la commune de Sorbiers.<\/p>\n<p>  La circulation perturb\u00e9e le temps de l\u2019intervention<\/p>\n<p>Quelques minutes plus t\u00f4t, un accident de la circulation s\u2019\u00e9tait produit, impliquant un v\u00e9hicule l\u00e9ger qui venait de glisser sur le bas-c\u00f4t\u00e9 avant de percuter une buse en b\u00e9ton dans le foss\u00e9.<\/p>\n<p>Selon les informations du Sdis 42, un poteau t\u00e9l\u00e9phonique et fibre Internet a \u00e9galement subi des d\u00e9g\u00e2ts. Fort heureusement, le conducteur de l\u2019automobile est indemne.<\/p>\n<p>\u00c0 noter que la circulation s\u2019est effectu\u00e9e sur une voie le temps de l\u2019intervention.<\/p>\n","protected":false},"excerpt":{"rendered":"Ce jeudi 25\u00a0septembre, les \u00e9quipes des sapeurs-pompiers du Service d\u00e9partemental d\u2019incendie et de secours de la Loire (Sdis&hellip;\n","protected":false},"author":2,"featured_media":416328,"comment_status":"","ping_status":"","sticky":false,"template":"","format":"standard","meta":{"footnotes":""},"categories":[9653],"tags":[119,1111,11,2430,7539,1777,674,274,1011,27,3367,12,25,4001,9664,104,17204],"class_list":{"0":"post-416327","1":"post","2":"type-post","3":"status-publish","4":"format-standard","5":"has-post-thumbnail","7":"category-saint-etienne","8":"tag-accident","9":"tag-actu","10":"tag-actualites","11":"tag-auvergne-rhone-alpes","12":"tag-edition-loire-sud","13":"tag-eu","14":"tag-europe","15":"tag-faits-divers-justice","16":"tag-fr","17":"tag-france","18":"tag-loire","19":"tag-news","20":"tag-republique-francaise","21":"tag-saint-etienne","22":"tag-saint-etienne-bassin","23":"tag-societe","24":"tag-sorbiers"},"share_on_mastodon":{"url":"https:\/\/pubeurope.com\/@fr\/115264617431893041","error":""},"_links":{"self":[{"href":"https:\/\/www.europesays.com\/fr\/wp-json\/wp\/v2\/posts\/416327","targetHints":{"allow":["GET"]}}],"collection":[{"href":"https:\/\/www.europesays.com\/fr\/wp-json\/wp\/v2\/posts"}],"about":[{"href":"https:\/\/www.europesays.com\/fr\/wp-json\/wp\/v2\/types\/post"}],"author":[{"embeddable":true,"href":"https:\/\/www.europesays.com\/fr\/wp-json\/wp\/v2\/users\/2"}],"replies":[{"embeddable":true,"href":"https:\/\/www.europesays.com\/fr\/wp-json\/wp\/v2\/comments?post=416327"}],"version-history":[{"count":0,"href":"https:\/\/www.europesays.com\/fr\/wp-json\/wp\/v2\/posts\/416327\/revisions"}],"wp:featuredmedia":[{"embeddable":true,"href":"https:\/\/www.europesays.com\/fr\/wp-json\/wp\/v2\/media\/416328"}],"wp:attachment":[{"href":"https:\/\/www.europesays.com\/fr\/wp-json\/wp\/v2\/media?parent=416327"}],"wp:term":[{"taxonomy":"category","embeddable":true,"href":"https:\/\/www.europesays.com\/fr\/wp-json\/wp\/v2\/categories?post=416327"},{"taxonomy":"post_tag","embeddable":true,"href":"https:\/\/www.europesays.com\/fr\/wp-json\/wp\/v2\/tags?post=416327"}],"curies":[{"name":"wp","href":"https:\/\/api.w.org\/{rel}","templated":true}]}}