{"id":416329,"date":"2025-09-25T11:07:18","date_gmt":"2025-09-25T11:07:18","guid":{"rendered":"https:\/\/www.europesays.com\/fr\/416329\/"},"modified":"2025-09-25T11:07:18","modified_gmt":"2025-09-25T11:07:18","slug":"saint-etienne-chat3d-la-start-up-stephanoise-qui-veut-democratiser-la-modelisation-3d","status":"publish","type":"post","link":"https:\/\/www.europesays.com\/fr\/416329\/","title":{"rendered":"Saint-\u00c9tienne. Chat3D, la start-up st\u00e9phanoise qui veut d\u00e9mocratiser la mod\u00e9lisation 3D"},"content":{"rendered":"<p>Lorsque La Tribune-Le Progr\u00e8s avait rencontr\u00e9 pour la premi\u00e8re fois, au printemps 2024, Felix Balmonet et Glenn Avezoux, 23 ans tous les deux, ils \u00e9taient alors encore \u00e9tudiants\u00a0: sp\u00e9cialiste de la conception et de la supply chain pour le premier, de l\u2019informatique et de l\u2019IA pour le deuxi\u00e8me.<\/p>\n<p>Quelques mois plus t\u00f4t, ils avaient cr\u00e9\u00e9 leur start-up et s\u2019\u00e9taient entour\u00e9s d\u2019une petite \u00e9quipe de freelances. Leur ambition de l\u2019\u00e9poque\u00a0: devenir dans les deux ans le leader europ\u00e9en puis mondial de la cr\u00e9ation de mod\u00e8les 3D par IA. Objectif clairement revendiqu\u00e9 qui, reconnaissons-le, nous paraissait alors tout de m\u00eame l\u00e9g\u00e8rement ambitieux malgr\u00e9 leurs premiers pas prometteurs, notamment au CES de Las Vegas 2024.<\/p>\n<p>Moins de 18 mois plus tard, leur objectif n\u2019a pas&#8230;<\/p>\n","protected":false},"excerpt":{"rendered":"Lorsque La Tribune-Le Progr\u00e8s avait rencontr\u00e9 pour la premi\u00e8re fois, au printemps 2024, Felix Balmonet et Glenn Avezoux,&hellip;\n","protected":false},"author":2,"featured_media":416330,"comment_status":"","ping_status":"","sticky":false,"template":"","format":"standard","meta":{"footnotes":""},"categories":[9653],"tags":[1111,11,2430,33,7539,1777,674,1011,27,5015,3367,12,25,4001,7538],"class_list":{"0":"post-416329","1":"post","2":"type-post","3":"status-publish","4":"format-standard","5":"has-post-thumbnail","7":"category-saint-etienne","8":"tag-actu","9":"tag-actualites","10":"tag-auvergne-rhone-alpes","11":"tag-economie","12":"tag-edition-loire-sud","13":"tag-eu","14":"tag-europe","15":"tag-fr","16":"tag-france","17":"tag-innovation-et-start-up","18":"tag-loire","19":"tag-news","20":"tag-republique-francaise","21":"tag-saint-etienne","22":"tag-saint-etienne-ville"},"share_on_mastodon":{"url":"https:\/\/pubeurope.com\/@fr\/115264621493396455","error":""},"_links":{"self":[{"href":"https:\/\/www.europesays.com\/fr\/wp-json\/wp\/v2\/posts\/416329","targetHints":{"allow":["GET"]}}],"collection":[{"href":"https:\/\/www.europesays.com\/fr\/wp-json\/wp\/v2\/posts"}],"about":[{"href":"https:\/\/www.europesays.com\/fr\/wp-json\/wp\/v2\/types\/post"}],"author":[{"embeddable":true,"href":"https:\/\/www.europesays.com\/fr\/wp-json\/wp\/v2\/users\/2"}],"replies":[{"embeddable":true,"href":"https:\/\/www.europesays.com\/fr\/wp-json\/wp\/v2\/comments?post=416329"}],"version-history":[{"count":0,"href":"https:\/\/www.europesays.com\/fr\/wp-json\/wp\/v2\/posts\/416329\/revisions"}],"wp:featuredmedia":[{"embeddable":true,"href":"https:\/\/www.europesays.com\/fr\/wp-json\/wp\/v2\/media\/416330"}],"wp:attachment":[{"href":"https:\/\/www.europesays.com\/fr\/wp-json\/wp\/v2\/media?parent=416329"}],"wp:term":[{"taxonomy":"category","embeddable":true,"href":"https:\/\/www.europesays.com\/fr\/wp-json\/wp\/v2\/categories?post=416329"},{"taxonomy":"post_tag","embeddable":true,"href":"https:\/\/www.europesays.com\/fr\/wp-json\/wp\/v2\/tags?post=416329"}],"curies":[{"name":"wp","href":"https:\/\/api.w.org\/{rel}","templated":true}]}}