{"id":416335,"date":"2025-09-25T11:10:13","date_gmt":"2025-09-25T11:10:13","guid":{"rendered":"https:\/\/www.europesays.com\/fr\/416335\/"},"modified":"2025-09-25T11:10:13","modified_gmt":"2025-09-25T11:10:13","slug":"le-match-toulon-la-rochelle-reporte-au-mois-de-novembre","status":"publish","type":"post","link":"https:\/\/www.europesays.com\/fr\/416335\/","title":{"rendered":"le match Toulon-La Rochelle report\u00e9 au mois de novembre"},"content":{"rendered":"<p>            Par<br \/>\n        <strong><br \/>\n            <a href=\"https:\/\/actu.fr\/auteur\/guillemette-herve\" title=\"Consulter tous les articles de Agence de presse APEI\" target=\"_blank\" rel=\"noopener\">Agence de presse APEI<\/a><br \/>\n        <\/strong><\/p>\n<p>        Publi\u00e9 le<\/p>\n<p>            25 sept. 2025 \u00e0 11h59        <\/p>\n<p>On conna\u00eet d\u00e9sormais la date du report <strong>du match Toulon-La Rochelle<\/strong>. Initialement pr\u00e9vue le dimanche 21 septembre 2025, la rencontre de la troisi\u00e8me journ\u00e9e de Top 14 aura finalement lieu le samedi 8 novembre, \u00e0 16h30, \u00e0 <a href=\"https:\/\/actu.fr\/provence-alpes-cote-d-azur\/toulon_83137\/var-les-parcs-et-jardins-de-toulon-sont-fermes-suite-aux-intemperies_63205545.html\" target=\"_blank\" rel=\"noopener\">Toulon<\/a>.<\/p>\n<p class=\" wall-content\">Le soir du 21 septembre, un violent orage s\u2019\u00e9tait abattu sur le stade Mayol, entra\u00eenant l\u2019annulation du match pour <strong>des raisons de s\u00e9curit\u00e9<\/strong>, la pelouse \u00e9tant gorg\u00e9e d\u2019eau. Le stade est d\u2019ailleurs ferm\u00e9 depuis lundi dernier.<\/p>\n<p>Sans les joueurs internationaux<\/p>\n<p class=\" wall-content\">Si le choix de la date s\u2019est finalement port\u00e9 sur le 8 novembre, la rencontre se d\u00e9roulera probablement sans les joueurs internationaux puisque <strong>l\u2019\u00e9quipe de France<\/strong> affrontera le soir m\u00eame <a href=\"https:\/\/actu.fr\/sports\/rugby\/pro\/rugby-championship-l-humilitation-historique-des-all-blacks-face-a-l-afrique-du-sud-cinq-choses-a-retenir_63158388.html\" target=\"_blank\" rel=\"noopener\">l\u2019Afrique du Sud<\/a> au Stade de France, comme l\u2019indique <a href=\"https:\/\/www.francebleu.fr\/sports\/rugby\/top-14-on-connait-la-date-du-report-du-match-toulon-stade-rochelais-4777902\" target=\"_blank\" rel=\"noopener\">France Bleu<\/a>.<\/p>\n<p>    <a href=\"https:\/\/www.facebook.com\/plugins\/post.php?href=https%3A%2F%2Fwww.facebook.com%2FRCTofficiel%2Fposts%2Fpfbid033YCHXDjzfEKMtQL9PwEdXeK6UQ93qqPrfopsqF9XimrE9h7fFigBMmHF23PfUKRwl&amp;show_text=true&amp;width=350\" title=\"Ouvrie le lien\" target=\"_blank\" rel=\"noopener\">Cliquez ici pour visualiser le contenu<\/a><\/p>\n<p class=\" wall-content\">Les personnes d\u00e9tentrices d\u2019un billet peuvent <strong>demander un remboursement<\/strong> ou conserver leur billet pour le match du 8 novembre. En esp\u00e9rant que les conditions m\u00e9t\u00e9orologiques seront plus favorables ce jour-l\u00e0.<\/p>\n<p class=\" wall-content\">Personnalisez votre actualit\u00e9 en ajoutant vos villes et m\u00e9dias en favori avec <a href=\"https:\/\/moncompte.actu.fr\" title=\"D\u00e9couvez Mon Actu\" rel=\"nofollow noopener\" data-trk=\"{&quot;cta&quot;:{&quot;action&quot;:&quot;https:\\\/\\\/moncompte.actu.fr&quot;,&quot;category&quot;:&quot;mon compte&quot;,&quot;from&quot;:&quot;article footer&quot;,&quot;name&quot;:&quot;Mon actu&quot;,&quot;type&quot;:&quot;cta&quot;}}\" target=\"_blank\">Mon Actu<\/a>.<\/p>\n","protected":false},"excerpt":{"rendered":"Par Agence de presse APEI Publi\u00e9 le 25 sept. 2025 \u00e0 11h59 On conna\u00eet d\u00e9sormais la date du&hellip;\n","protected":false},"author":2,"featured_media":416336,"comment_status":"","ping_status":"","sticky":false,"template":"","format":"standard","meta":{"footnotes":""},"categories":[9619],"tags":[1111,11,1777,674,1011,27,12,882,6717,25,479,60,2310],"class_list":{"0":"post-416335","1":"post","2":"type-post","3":"status-publish","4":"format-standard","5":"has-post-thumbnail","7":"category-toulon","8":"tag-actu","9":"tag-actualites","10":"tag-eu","11":"tag-europe","12":"tag-fr","13":"tag-france","14":"tag-news","15":"tag-provence-alpes-cote-dazur","16":"tag-rct-rugby-club-toulonnais","17":"tag-republique-francaise","18":"tag-rugby","19":"tag-sports","20":"tag-toulon"},"share_on_mastodon":{"url":"https:\/\/pubeurope.com\/@fr\/115264633176558294","error":""},"_links":{"self":[{"href":"https:\/\/www.europesays.com\/fr\/wp-json\/wp\/v2\/posts\/416335","targetHints":{"allow":["GET"]}}],"collection":[{"href":"https:\/\/www.europesays.com\/fr\/wp-json\/wp\/v2\/posts"}],"about":[{"href":"https:\/\/www.europesays.com\/fr\/wp-json\/wp\/v2\/types\/post"}],"author":[{"embeddable":true,"href":"https:\/\/www.europesays.com\/fr\/wp-json\/wp\/v2\/users\/2"}],"replies":[{"embeddable":true,"href":"https:\/\/www.europesays.com\/fr\/wp-json\/wp\/v2\/comments?post=416335"}],"version-history":[{"count":0,"href":"https:\/\/www.europesays.com\/fr\/wp-json\/wp\/v2\/posts\/416335\/revisions"}],"wp:featuredmedia":[{"embeddable":true,"href":"https:\/\/www.europesays.com\/fr\/wp-json\/wp\/v2\/media\/416336"}],"wp:attachment":[{"href":"https:\/\/www.europesays.com\/fr\/wp-json\/wp\/v2\/media?parent=416335"}],"wp:term":[{"taxonomy":"category","embeddable":true,"href":"https:\/\/www.europesays.com\/fr\/wp-json\/wp\/v2\/categories?post=416335"},{"taxonomy":"post_tag","embeddable":true,"href":"https:\/\/www.europesays.com\/fr\/wp-json\/wp\/v2\/tags?post=416335"}],"curies":[{"name":"wp","href":"https:\/\/api.w.org\/{rel}","templated":true}]}}