{"id":416353,"date":"2025-09-25T11:20:16","date_gmt":"2025-09-25T11:20:16","guid":{"rendered":"https:\/\/www.europesays.com\/fr\/416353\/"},"modified":"2025-09-25T11:20:16","modified_gmt":"2025-09-25T11:20:16","slug":"23-auteurs-attendus-au-4e-salon-de-lalbum-jeunesse","status":"publish","type":"post","link":"https:\/\/www.europesays.com\/fr\/416353\/","title":{"rendered":"23 auteurs attendus au 4e Salon de l\u2019album jeunesse"},"content":{"rendered":"<p>Cr\u00e9\u00e9 <a href=\"https:\/\/www.dna.fr\/edition-de-strasbourg\/2019\/09\/24\/le-livre-un-bateau-pour-decouvrir-le-monde\" target=\"_blank\" rel=\"noopener\">en 2019<\/a> , le Salon de l\u2019album jeunesse d\u2019Illkirch-Graffenstaden est organis\u00e9 par la direction de l\u2019enfance et de la vie \u00e9ducative (p\u00f4le petite enfance dirig\u00e9 par Brigitte Heitz qui partira prochainement en retraite), et par la m\u00e9diath\u00e8que Simone Veil, plus pr\u00e9cis\u00e9ment sa responsable adjointe Muriel Nicolin et le coordinateur jeunesse Florian Poirier. <a href=\"https:\/\/www.dna.fr\/culture-loisirs\/2023\/10\/03\/un-salon-de-l-album-jeunesse-pour-promouvoir-la-lecture\" target=\"_blank\" rel=\"noopener\">L\u2019\u00e9v\u00e9nement bisannuel<\/a> concerne les enfants de 1 \u00e0 10 ans &#8211; tranche d\u2019\u00e2ge plus large qu\u2019auparavant &#8211; et leurs parents.<\/p>\n<p>  Une alternative aux \u00e9crans<\/p>\n<p>Les objectifs sont d\u2019abord de faire conna\u00eetre la litt\u00e9rature jeunesse et les auteurs locaux, particuli\u00e8rement nombreux sur le territoire vu la pr\u00e9sence de la HEAR, Haute \u00e9cole des arts du Rhin. 14 des 23 invit\u00e9s en sont dipl\u00f4m\u00e9s. Barbara Ramirez est la seule \u00e0 ne pas vivre en Alsace.<\/p>\n<p>Ce contenu est bloqu\u00e9 car vous n&rsquo;avez pas accept\u00e9 les cookies et autres traceurs.<\/p>\n<p>En cliquant sur \u00ab J\u2019accepte \u00bb, les cookies et autres traceurs seront d\u00e9pos\u00e9s et vous pourrez visualiser les contenus  (<a href=\"\" class=\"consentModule_policy\" target=\"_blank\" title=\"Consulter la politique de protection des donn\u00e9es du fournisseur\">plus d&rsquo;informations<\/a>).<\/p>\n<p>En cliquant sur \u00ab J\u2019accepte tous les cookies \u00bb, vous autorisez des d\u00e9p\u00f4ts de cookies et autres traceurs pour le stockage de vos donn\u00e9es sur nos sites et applications \u00e0 des fins de personnalisation et de ciblage publicitaire.<\/p>\n<p class=\"consentModule_secondaryText\">Vous gardez la possibilit\u00e9 de retirer votre consentement \u00e0 tout moment en consultant notre <a href=\"https:\/\/www.dna.fr\/protection-des-donnees\" target=\"_blank\" title=\"Consulter notre politique de protection des donn\u00e9es\" rel=\"noopener\">politique de protection des donn\u00e9es<\/a>. <br \/>&#13;<br \/>\n            <a href=\"https:\/\/www.dna.fr\/culture-loisirs\/2025\/09\/25\/javascript:Didomi.notice.show()\" class=\"consentModule_cmp\" target=\"_blank\" rel=\"noopener\">G\u00e9rer mes choix<\/a>&#13;\n        <\/p>\n<p>&#13;<br \/>\n                        J&rsquo;accepte&#13;<br \/>\n            J&rsquo;accepte tous les cookies&#13;\n        <\/p>\n<p>Ensuite, les organisateurs souhaitent stimuler l\u2019envie de lire, avec des supports tr\u00e8s attractifs, et proposer une alternative aux \u00e9crans, \u00ab\u00a0montrer qu\u2019on peut faire autre chose avec les enfants. Les \u00e9crans sont pr\u00e9judiciables au d\u00e9veloppement des tout-petits, en mati\u00e8re de langage, de concentration, d\u2019attitude active\u2026\u00a0\u00bb souligne Aude Manciot, \u00e9ducatrice illkirchoise de jeunes enfants.<\/p>\n<p>L\u2019\u00e9dition 2023 avait comptabilis\u00e9 2400 entr\u00e9es. Cette ann\u00e9e, l\u2019offre des ateliers autour de la th\u00e9matique \u00ab\u00a0Au fond du jardin\u00a0\u00bb s\u2019est encore \u00e9toff\u00e9e avec 16 propositions dont 8 sur inscription.<\/p>\n<p>Pas besoin d\u2019\u00e9cran ce jour-l\u00e0\u00a0! Feuille ou escargot en origami (14\u00a0h, 3-5 ans), fleurs en papier (11\u00a0h), diorama (6-10 ans, 14\u00a0h), tout est \u00e0 r\u00e9aliser. Avec <a href=\"https:\/\/www.dna.fr\/culture-loisirs\/2025\/04\/18\/l-illustratrice-strasbourgeoise-emilie-clarke-publie-le-tome-3-des-aventures-de-violette\" target=\"_blank\" rel=\"noopener\">Emilie Clarke<\/a> qui adore \u00ab\u00a0cr\u00e9er des univers rigolos en s\u2019inspirant d\u2019un monde qu\u2019on conna\u00eet\u00a0\u00bb, les enfants confectionneront des personnages et une couverture de BD fa\u00e7on \u00a0 Violette \u00a0, sa s\u00e9rie culte (\u00e0 partir de 7 ans, 16\u00a0h).<\/p>\n<p>Les 3-6 ans participeront \u00e0 un d\u00e9bat philo (10\u00a0h\u00a030, 15\u00a0h)\u2026 D\u2019autres se laisseront tenter par les comptines de <a href=\"https:\/\/www.dna.fr\/edition-de-strasbourg\/2018\/06\/26\/avec-gerard-dalton-les-assistants-maternels-sortent-un-cd\" target=\"_blank\" rel=\"noopener\">G\u00e9rard Dalton<\/a> , les spectacles. Dans l\u2019un d\u2019eux, six assistantes maternelles exploreront les diff\u00e9rentes fa\u00e7ons de raconter un livre (10\u00a0h\u00a030, 11\u00a0h\u00a030, 16\u00a0h) au P\u00f4le associatif, au sous-sol de L\u2019illiade. L\u2019association \u00ab\u00a0Lire et faire lire\u00a0\u00bb pr\u00e9sentera des histoires en fran\u00e7ais, alsacien, allemand (10\u00a0h-12\u00a0h, 15\u00a0h-17\u00a0h).<\/p>\n<p>Ce contenu est bloqu\u00e9 car vous n&rsquo;avez pas accept\u00e9 les cookies et autres traceurs.<\/p>\n<p>En cliquant sur \u00ab J\u2019accepte \u00bb, les cookies et autres traceurs seront d\u00e9pos\u00e9s et vous pourrez visualiser les contenus  (<a href=\"\" class=\"consentModule_policy\" target=\"_blank\" title=\"Consulter la politique de protection des donn\u00e9es du fournisseur\">plus d&rsquo;informations<\/a>).<\/p>\n<p>En cliquant sur \u00ab J\u2019accepte tous les cookies \u00bb, vous autorisez des d\u00e9p\u00f4ts de cookies et autres traceurs pour le stockage de vos donn\u00e9es sur nos sites et applications \u00e0 des fins de personnalisation et de ciblage publicitaire.<\/p>\n<p class=\"consentModule_secondaryText\">Vous gardez la possibilit\u00e9 de retirer votre consentement \u00e0 tout moment en consultant notre <a href=\"https:\/\/www.dna.fr\/protection-des-donnees\" target=\"_blank\" title=\"Consulter notre politique de protection des donn\u00e9es\" rel=\"noopener\">politique de protection des donn\u00e9es<\/a>. <br \/>&#13;<br \/>\n            <a href=\"https:\/\/www.dna.fr\/culture-loisirs\/2025\/09\/25\/javascript:Didomi.notice.show()\" class=\"consentModule_cmp\" target=\"_blank\" rel=\"noopener\">G\u00e9rer mes choix<\/a>&#13;\n        <\/p>\n<p>&#13;<br \/>\n                        J&rsquo;accepte&#13;<br \/>\n            J&rsquo;accepte tous les cookies&#13;\n        <\/p>\n<p>  Et les artistes\u00a0?<\/p>\n<p>Impossible de pr\u00e9senter tous les artistes mobilis\u00e9s. Quatre hommes\u00a0: Thierry Chapeau, Florian Poirier, <a href=\"https:\/\/www.dna.fr\/education\/2022\/06\/15\/patrice-seiler-dessinateur-plasticien-et-scenographe\" target=\"_blank\" rel=\"noopener\">Patrice Seiler<\/a> qui \u00e9crit en bilingue fran\u00e7ais allemand et illustre en deux dimensions, l\u2019Illkirchois <a href=\"https:\/\/www.dna.fr\/culture-loisirs\/2024\/09\/10\/le-fil-entre-nos-coeurs-un-livre-jeunesse-pour-surmonter-la-separation\" target=\"_blank\" rel=\"noopener\">Wei Middag<\/a> , qui a grandi \u00e0 Ta\u00efwan. 19 femmes, publiant leur premier album comme Julia Frechette ou affichant d\u00e9j\u00e0 une centaine d\u2019ouvrages comme Clotilde Perrin. Illustratrices cr\u00e9ant des images qui apaisent comme Eline Canal, autrices illustratrices racontant des histoires \u00e9tranges comme Marie Dorl\u00e9ans ou \u00e9voquant deux comptines de la for\u00eat comme Barbara Martinez&#8230;<\/p>\n<p>Tous les albums pourront \u00eatre achet\u00e9s sur place au stand tenu par la librairie La Lanterne. Si l\u2019enfant souhaite une d\u00e9dicace, peut-\u00eatre sera-t-elle dessin\u00e9e par l\u2019illustrateur ou l\u2019illustratrice\u2026<\/p>\n<p class=\"note\">Samedi 27\u00a0septembre, 10\u00a0h-18\u00a0h, \u00e0 L\u2019illiade et \u00e0 la m\u00e9diath\u00e8que Simone Veil, all\u00e9e Fran\u00e7ois-Mitterrand. Programme complet et inscription aux ateliers sur: illkirch.eu\/programme-du-salon-de-lalbum-jeunesse. Inscription aux ateliers de C. Perrin, P.\u00a0Seiler et Emilie Clarke\u00a0: mediatheque.strasbourg.eu rubrique \u00ab\u00a0agenda culturel\u00a0\u00bb. Food-truck breton\u00a0: cr\u00eapes sal\u00e9es et sucr\u00e9es.<\/p>\n","protected":false},"excerpt":{"rendered":"Cr\u00e9\u00e9 en 2019 , le Salon de l\u2019album jeunesse d\u2019Illkirch-Graffenstaden est organis\u00e9 par la direction de l\u2019enfance et&hellip;\n","protected":false},"author":2,"featured_media":416354,"comment_status":"","ping_status":"","sticky":false,"template":"","format":"standard","meta":{"footnotes":""},"categories":[2820],"tags":[1111,11,1687,2880,1777,674,107,1011,27,775,3088,2410,12,25,640,3089],"class_list":{"0":"post-416353","1":"post","2":"type-post","3":"status-publish","4":"format-standard","5":"has-post-thumbnail","7":"category-strasbourg","8":"tag-actu","9":"tag-actualites","10":"tag-culture-loisirs","11":"tag-edition-strasbourg","12":"tag-eu","13":"tag-europe","14":"tag-fil-info","15":"tag-fr","16":"tag-france","17":"tag-grand-est","18":"tag-illkirch-graffenstaden","19":"tag-livres-bd","20":"tag-news","21":"tag-republique-francaise","22":"tag-strasbourg","23":"tag-strasbourg-sud"},"share_on_mastodon":{"url":"https:\/\/pubeurope.com\/@fr\/115264672574255107","error":""},"_links":{"self":[{"href":"https:\/\/www.europesays.com\/fr\/wp-json\/wp\/v2\/posts\/416353","targetHints":{"allow":["GET"]}}],"collection":[{"href":"https:\/\/www.europesays.com\/fr\/wp-json\/wp\/v2\/posts"}],"about":[{"href":"https:\/\/www.europesays.com\/fr\/wp-json\/wp\/v2\/types\/post"}],"author":[{"embeddable":true,"href":"https:\/\/www.europesays.com\/fr\/wp-json\/wp\/v2\/users\/2"}],"replies":[{"embeddable":true,"href":"https:\/\/www.europesays.com\/fr\/wp-json\/wp\/v2\/comments?post=416353"}],"version-history":[{"count":0,"href":"https:\/\/www.europesays.com\/fr\/wp-json\/wp\/v2\/posts\/416353\/revisions"}],"wp:featuredmedia":[{"embeddable":true,"href":"https:\/\/www.europesays.com\/fr\/wp-json\/wp\/v2\/media\/416354"}],"wp:attachment":[{"href":"https:\/\/www.europesays.com\/fr\/wp-json\/wp\/v2\/media?parent=416353"}],"wp:term":[{"taxonomy":"category","embeddable":true,"href":"https:\/\/www.europesays.com\/fr\/wp-json\/wp\/v2\/categories?post=416353"},{"taxonomy":"post_tag","embeddable":true,"href":"https:\/\/www.europesays.com\/fr\/wp-json\/wp\/v2\/tags?post=416353"}],"curies":[{"name":"wp","href":"https:\/\/api.w.org\/{rel}","templated":true}]}}