{"id":416359,"date":"2025-09-25T11:23:13","date_gmt":"2025-09-25T11:23:13","guid":{"rendered":"https:\/\/www.europesays.com\/fr\/416359\/"},"modified":"2025-09-25T11:23:13","modified_gmt":"2025-09-25T11:23:13","slug":"franck-haise-souhaitait-recruter-neil-el-aynaoui-c3-j1-nice-as-roma-1-2","status":"publish","type":"post","link":"https:\/\/www.europesays.com\/fr\/416359\/","title":{"rendered":"Franck Haise souhaitait recruter Neil El Aynaoui &#8211; C3 &#8211; J1 &#8211; Nice-AS Roma (1-2)"},"content":{"rendered":"<p>Au Gym, on sait faire des courbettes.<\/p>\n<p><a target=\"_blank\" href=\"https:\/\/www.sofoot.com\/articles\/ligue-europa-nice-subit-la-loi-de-la-roma\" rel=\"nofollow noopener\">D\u00e9faits en Ligue Europa ce mercredi soir par l\u2019AS Roma<\/a>,<strong> les Ni\u00e7ois ont encha\u00een\u00e9 un treizi\u00e8me match sans victoire en Coupe d\u2019Europe<\/strong>. Un bilan moribond pour une \u00e9quipe en qu\u00eate de rep\u00e8res apr\u00e8s de nombreuses all\u00e9es et venues \u00e0 l\u2019intersaison. En conf\u00e9rence de presse apr\u00e8s ce revers, Franck Haise a d\u2019ailleurs \u00e9voqu\u00e9 le mercato, regrettant de <strong>ne pas avoir pu recruter son ancien joueur \u00e0 Lens et adversaire du soir avec l\u2019AS Roma, <a target=\"_blank\" href=\"https:\/\/www.sofoot.com\/articles\/lens-neil-el-aynaoui-dans-le-grand-bain-de-la-ligue-1\" rel=\"nofollow noopener\">Neil El-Aynaoui<\/a>.<\/strong><\/p>\n<p>\u00ab\u202fMa priorit\u00e9 au milieu de terrain\u202f\u00bb<\/p>\n<p><a target=\"_blank\" href=\"https:\/\/www.sofoot.com\/breves\/neil-el-aynaoui-quitte-lens-pour-rejoindre-la-roma\" rel=\"nofollow noopener\">Dans la ville \u00e9ternelle depuis cet \u00e9t\u00e9<\/a>, le<strong> Marocain a une nouvelle fois brill\u00e9 dans l\u2019entrejeu<\/strong> face \u00e0 de timides Aiglons. De quoi <strong>augmenter les regrets<\/strong> de l\u2019entra\u00eeneur azur\u00e9en. \u00ab\u202fNeil\u00a0\u00e9tait ma priorit\u00e9 au milieu de terrain, mais je ne vous fais pas un dessin. Il y a des joueurs qu\u2019on peut faire et des joueurs qu\u2019on ne peut pas faire, c\u2019est comme \u00e7a\u202f\u00bb, a-t-il indiqu\u00e9, envieux, dans des propos rapport\u00e9s par <a target=\"_blank\" href=\"https:\/\/rmcsport.bfmtv.com\/football\/clubs\/ogc-nice\/el-aynaoui-c-etait-ma-priorite-le-regret-mercato-deconcertant-de-franck-haise-apres-la-defaite-contre-la-roma_AV-202509250243.html\" rel=\"nofollow noopener\">RMC Sport<\/a>.<\/p>\n<p>Malgr\u00e9 les n\u00e9gociations, l\u2019AS Roma avait d\u00e9pos\u00e9\u00a0<strong>Nice\u00a0dans la course en d\u00e9posant un joli ch\u00e8que de\u00a023 millions d\u2019euros \u00e0 l\u2019ordre du Racing Club de Lens.\u00a0<\/strong>Cette somme, le board du Gym ne pouvait visiblement pas la\u00a0d\u00e9bourser.<\/p>\n<p>Christian Estrosi aurait pu les aider quand m\u00eame !<\/p>\n<p>\t\t\t\t\t\t\t\t\t\t<a class=\"lien-connexe\" href=\"https:\/\/www.sofoot.com\/articles\/en-direct-nice-as-roma\" rel=\"nofollow noopener\" target=\"_blank\">Revivez Nice-AS Roma  (1-2)<\/a>\t\t\t\t\t<\/p>\n","protected":false},"excerpt":{"rendered":"Au Gym, on sait faire des courbettes. D\u00e9faits en Ligue Europa ce mercredi soir par l\u2019AS Roma, les&hellip;\n","protected":false},"author":2,"featured_media":416360,"comment_status":"","ping_status":"","sticky":false,"template":"","format":"standard","meta":{"footnotes":""},"categories":[2819],"tags":[1111,47,11,61,69,65,64,1777,674,63,1011,27,68,66,12,62,2401,70,882,25,67],"class_list":{"0":"post-416359","1":"post","2":"type-post","3":"status-publish","4":"format-standard","5":"has-post-thumbnail","7":"category-nice","8":"tag-actu","9":"tag-actualite","10":"tag-actualites","11":"tag-actus-football","12":"tag-bundesliga","13":"tag-championnats-europeens","14":"tag-equipe-de-france","15":"tag-eu","16":"tag-europe","17":"tag-football","18":"tag-fr","19":"tag-france","20":"tag-ligua","21":"tag-ligue-1","22":"tag-news","23":"tag-news-foot","24":"tag-nice","25":"tag-premier-league","26":"tag-provence-alpes-cote-dazur","27":"tag-republique-francaise","28":"tag-serie-a"},"share_on_mastodon":{"url":"https:\/\/pubeurope.com\/@fr\/115264684285718895","error":""},"_links":{"self":[{"href":"https:\/\/www.europesays.com\/fr\/wp-json\/wp\/v2\/posts\/416359","targetHints":{"allow":["GET"]}}],"collection":[{"href":"https:\/\/www.europesays.com\/fr\/wp-json\/wp\/v2\/posts"}],"about":[{"href":"https:\/\/www.europesays.com\/fr\/wp-json\/wp\/v2\/types\/post"}],"author":[{"embeddable":true,"href":"https:\/\/www.europesays.com\/fr\/wp-json\/wp\/v2\/users\/2"}],"replies":[{"embeddable":true,"href":"https:\/\/www.europesays.com\/fr\/wp-json\/wp\/v2\/comments?post=416359"}],"version-history":[{"count":0,"href":"https:\/\/www.europesays.com\/fr\/wp-json\/wp\/v2\/posts\/416359\/revisions"}],"wp:featuredmedia":[{"embeddable":true,"href":"https:\/\/www.europesays.com\/fr\/wp-json\/wp\/v2\/media\/416360"}],"wp:attachment":[{"href":"https:\/\/www.europesays.com\/fr\/wp-json\/wp\/v2\/media?parent=416359"}],"wp:term":[{"taxonomy":"category","embeddable":true,"href":"https:\/\/www.europesays.com\/fr\/wp-json\/wp\/v2\/categories?post=416359"},{"taxonomy":"post_tag","embeddable":true,"href":"https:\/\/www.europesays.com\/fr\/wp-json\/wp\/v2\/tags?post=416359"}],"curies":[{"name":"wp","href":"https:\/\/api.w.org\/{rel}","templated":true}]}}