{"id":416364,"date":"2025-09-25T11:26:21","date_gmt":"2025-09-25T11:26:21","guid":{"rendered":"https:\/\/www.europesays.com\/fr\/416364\/"},"modified":"2025-09-25T11:26:21","modified_gmt":"2025-09-25T11:26:21","slug":"cette-rue-de-3-km-est-la-plus-longue-de-bordeaux-et-ca-nest-pas-la-rue-sainte-catherine","status":"publish","type":"post","link":"https:\/\/www.europesays.com\/fr\/416364\/","title":{"rendered":"Cette rue de 3 km est la plus longue de Bordeaux et \u00e7a n&rsquo;est pas la rue Sainte-Catherine"},"content":{"rendered":"<p>Une rue qui s\u2019\u00e9tire sur pr\u00e8s de 3 kilom\u00e8tres&#13;<\/p>\n<p data-start=\"401\" data-end=\"791\">\u00c0 Bordeaux, on attribue naturellement la palme de la rue la plus longue \u00e0<a href=\"https:\/\/www.lebonbon.fr\/bordeaux\/news\/rue-sainte-catherine-pietonne-la-plus-dynamique-europe-classement\/\" rel=\"nofollow noopener\" target=\"_blank\">\u00a0la rue Sainte-Catherine<\/a>, c\u00e9l\u00e8bre art\u00e8re commer\u00e7ante du centre-ville. Pourtant, c\u2019est bien la <strong data-start=\"539\" data-end=\"554\">rue Pasteur<\/strong>, situ\u00e9e dans le quartier r\u00e9sidentiel de <strong data-start=\"595\" data-end=\"607\">Caud\u00e9ran<\/strong>, qui d\u00e9tient le record. Elle s\u2019\u00e9tend sur environ <strong data-start=\"694\" data-end=\"710\">2 900 m\u00e8tres<\/strong>, reliant divers carrefours et plusieurs secteurs de l\u2019ouest bordelais.<\/p>\n<p>&#13;<\/p>\n<p data-start=\"401\" data-end=\"791\"><img loading=\"lazy\" decoding=\"async\" src=\"https:\/\/www.europesays.com\/fr\/wp-content\/uploads\/2025\/09\/rue-plus-longue-bordeaux.jpg\" width=\"1000\" height=\"750\" alt=\"rue-plus-longue-bordeaux\"\/><\/p>\n<p>&#13;<br \/>\nUne art\u00e8re structurante du quartier&#13;<\/p>\n<p data-start=\"835\" data-end=\"1266\">Plus discr\u00e8te que les rues embl\u00e9matiques du centre historique, la rue Pasteur joue pourtant un r\u00f4le essentiel dans la circulation et la vie de Caud\u00e9ran. Bord\u00e9e de maisons traditionnelles, elle illustre l\u2019identit\u00e9 r\u00e9sidentielle et familiale du quartier.<\/p>\n<p>&#13;<\/p>\n<p data-start=\"835\" data-end=\"1266\"><img loading=\"lazy\" decoding=\"async\" src=\"https:\/\/www.europesays.com\/fr\/wp-content\/uploads\/2025\/09\/bordeaux-rue-pasteur.jpg\" width=\"1000\" height=\"964\" alt=\"bordeaux-rue-pasteur\"\/><\/p>\n<p>&#13;<\/p>\n<p data-start=\"835\" data-end=\"1266\">Celle qui traverse le c\u0153ur du quartier de Caud\u00e9ran longe des lieux embl\u00e9matiques. \u00c0 deux pas, le <strong data-start=\"297\" data-end=\"315\">Parc Bordelais<\/strong> d\u00e9ploie ses 28 hectares de verdure, v\u00e9ritable poumon du quartier. Plus discr\u00e8tement, le <strong data-start=\"404\" data-end=\"428\">cimeti\u00e8re protestant<\/strong>, fond\u00e9 en 1827, rappelle l\u2019histoire plurielle de Bordeaux. Au fil de la rue, on croise aussi des commerces de proximit\u00e9, du tabac-presse familial au 157 rue Pasteur aux restaurants\u00a0qui participent \u00e0 la vie locale.\u00a0<\/p>\n<p>&#13;<br \/>\nUn nom en hommage \u00e0 Louis Pasteur&#13;<\/p>\n<p data-start=\"1308\" data-end=\"1582\">Comme beaucoup de rues fran\u00e7aises, elle porte le nom de <strong data-start=\"1364\" data-end=\"1381\">Louis Pasteur<\/strong>, scientifique reconnu pour ses d\u00e9couvertes majeures en microbiologie et vaccination. Chaque jour, elle voit quotidiennement passer des Bordelais en balade et joue un r\u00f4le cl\u00e9 pour faciliter la connexion entre le centre-ville de Bordeaux et la p\u00e9riph\u00e9rie.<\/p>\n<p>&#13;<\/p>\n<p data-start=\"1308\" data-end=\"1582\"><img loading=\"lazy\" decoding=\"async\" src=\"https:\/\/www.europesays.com\/fr\/wp-content\/uploads\/2025\/09\/rue-pasteur-cauderan.jpg\" width=\"1000\" height=\"750\" alt=\"rue-pasteur-cauderan\"\/><\/p>\n","protected":false},"excerpt":{"rendered":"Une rue qui s\u2019\u00e9tire sur pr\u00e8s de 3 kilom\u00e8tres&#13; \u00c0 Bordeaux, on attribue naturellement la palme de la&hellip;\n","protected":false},"author":2,"featured_media":416365,"comment_status":"","ping_status":"","sticky":false,"template":"","format":"standard","meta":{"footnotes":""},"categories":[2817],"tags":[1111,11,1997,1777,674,1011,27,12,2219,25],"class_list":{"0":"post-416364","1":"post","2":"type-post","3":"status-publish","4":"format-standard","5":"has-post-thumbnail","7":"category-bordeaux","8":"tag-actu","9":"tag-actualites","10":"tag-bordeaux","11":"tag-eu","12":"tag-europe","13":"tag-fr","14":"tag-france","15":"tag-news","16":"tag-nouvelle-aquitaine","17":"tag-republique-francaise"},"share_on_mastodon":{"url":"https:\/\/pubeurope.com\/@fr\/115264696589924269","error":""},"_links":{"self":[{"href":"https:\/\/www.europesays.com\/fr\/wp-json\/wp\/v2\/posts\/416364","targetHints":{"allow":["GET"]}}],"collection":[{"href":"https:\/\/www.europesays.com\/fr\/wp-json\/wp\/v2\/posts"}],"about":[{"href":"https:\/\/www.europesays.com\/fr\/wp-json\/wp\/v2\/types\/post"}],"author":[{"embeddable":true,"href":"https:\/\/www.europesays.com\/fr\/wp-json\/wp\/v2\/users\/2"}],"replies":[{"embeddable":true,"href":"https:\/\/www.europesays.com\/fr\/wp-json\/wp\/v2\/comments?post=416364"}],"version-history":[{"count":0,"href":"https:\/\/www.europesays.com\/fr\/wp-json\/wp\/v2\/posts\/416364\/revisions"}],"wp:featuredmedia":[{"embeddable":true,"href":"https:\/\/www.europesays.com\/fr\/wp-json\/wp\/v2\/media\/416365"}],"wp:attachment":[{"href":"https:\/\/www.europesays.com\/fr\/wp-json\/wp\/v2\/media?parent=416364"}],"wp:term":[{"taxonomy":"category","embeddable":true,"href":"https:\/\/www.europesays.com\/fr\/wp-json\/wp\/v2\/categories?post=416364"},{"taxonomy":"post_tag","embeddable":true,"href":"https:\/\/www.europesays.com\/fr\/wp-json\/wp\/v2\/tags?post=416364"}],"curies":[{"name":"wp","href":"https:\/\/api.w.org\/{rel}","templated":true}]}}