{"id":416372,"date":"2025-09-25T11:30:15","date_gmt":"2025-09-25T11:30:15","guid":{"rendered":"https:\/\/www.europesays.com\/fr\/416372\/"},"modified":"2025-09-25T11:30:15","modified_gmt":"2025-09-25T11:30:15","slug":"lille-tout-juste-sorti-de-prison-il-est-surpris-avec-des-pipes-a-crack-il-repart-en-detention","status":"publish","type":"post","link":"https:\/\/www.europesays.com\/fr\/416372\/","title":{"rendered":"Lille. Tout juste sorti de prison, il est surpris avec des \u00ab\u00a0pipes \u00e0 crack\u00a0\u00bb : il repart en d\u00e9tention"},"content":{"rendered":"<p>            Par<br \/>\n        <strong><br \/>\n            <a href=\"https:\/\/actu.fr\/auteur\/margot-nicodeme\" title=\"Consulter tous les articles de Margot Nicod\u00e8me\" rel=\"nofollow noopener\" target=\"_blank\">Margot Nicod\u00e8me<\/a><br \/>\n        <\/strong><\/p>\n<p>        Publi\u00e9 le<\/p>\n<p>            25 sept. 2025 \u00e0 12h20        <\/p>\n<p>On ne peut pas, en tout cas, reprocher au pr\u00e9venu son manque de franchise. <b>Cet homme de 52 ans<\/b>, jug\u00e9 <b>en comparution imm\u00e9diate au tribunal de <a href=\"https:\/\/actu.fr\/hauts-de-france\/lille_59350\" rel=\"nofollow noopener\" target=\"_blank\">Lille<\/a><\/b> le 22 septembre\u00a0 2025, est un toxicomane av\u00e9r\u00e9. \u00ab\u00a0Vous ne comptez pas arr\u00eater, Monsieur ?\u00a0\u00bb, lui demande le pr\u00e9sident. \u00ab\u00a0Non\u00a0\u00bb, se contente-t-il de r\u00e9pondre, alors qu\u2019il a admis aux policiers <b>consommer de <a href=\"https:\/\/actu.fr\/hauts-de-france\/lille_59350\/lille-sud-prison-ferme-pour-le-jeune-homme-qui-a-violente-des-policiers-de-la-bac-sur-un-point-de-deal_63175116.html\" rel=\"nofollow noopener\" target=\"_blank\">l\u2019h\u00e9ro\u00efne et de la coca\u00efne<\/a> depuis 20 ans<\/b>. Le 21 septembre, il a \u00e9t\u00e9 surpris avec des \u00ab\u00a0pipes \u00e0 crack\u00a0\u00bb \u00e0 proximit\u00e9 <a href=\"https:\/\/actu.fr\/hauts-de-france\/lille_59350\/lille-lhomme-suspect-se-baladait-pres-du-metro-avec-une-tablette-floquee-hopital-saint-vincent-de-paul_63148969.html\" rel=\"nofollow noopener\" target=\"_blank\">de l\u2019h\u00f4pital Saint-Vincent-de-Paul \u00e0 Lille<\/a>.<b> Il venait de sortir de prison<\/b>, le 22 ao\u00fbt. Il y a \u00e9t\u00e9 renvoy\u00e9.<\/p>\n<p>\u00ab\u00a0Notez que Monsieur ne desserre pas la m\u00e2choire\u00a0\u00bb : le pr\u00e9venu toxicomane reste mutique\u00a0<\/p>\n<p class=\" wall-content\">Le dimanche 21 septembre, les policiers sont en patrouille au petit matin rue Alfred-Naquet, en face de l\u2019h\u00f4pital. Ils voient deux individus \u00e0 v\u00e9lo, et vont les contr\u00f4ler. Le pr\u00e9venu leur <b>remet plusieurs \u00ab\u00a0pipes \u00e0 crack\u00a0\u00bb<\/b> et sa carte d\u2019identit\u00e9. Les v\u00e9rifications d\u2019usage permettent de mettre en lumi\u00e8re que non seulement il a \u00e9t\u00e9 condamn\u00e9 pas plus tard qu\u2019en f\u00e9vrier 2025 pour cession de stup\u00e9fiants, mais qu\u2019il a interdiction de se trouver dans ce secteur.\u00a0<\/p>\n<p class=\" wall-content\">En effet, le jugement rendu le 11 f\u00e9vrier incluait une interdiction de para\u00eetre rue Alfred-Naquet pendant 3 ans et une peine de prison ferme. Le quinquag\u00e9naire l\u2019a purg\u00e9e, jusqu\u2019\u00e0 sa sortie le 22 ao\u00fbt. En garde \u00e0 vue, il a refus\u00e9 de r\u00e9pondre aux questions des policiers. Il n\u2019est pas plus loquace au tribunal.<\/p>\n<p class=\" wall-content\">\u00ab\u00a0Notez que Monsieur ne desserre pas la m\u00e2choire\u00a0\u00bb, s\u2019agace le pr\u00e9sident. On ne conna\u00eetra ainsi pas les raisons qui ont pouss\u00e9 le pr\u00e9venu \u00e0 retourner rue Alfred-Naquet, alors m\u00eame qu\u2019il connaissait les sanctions auxquelles il s\u2019exposait. Et la justice va se montrer implacable.\u00a0<\/p>\n<p class=\" wall-content\">Le procureur, face \u00e0 cet homme mutique, p\u00e8re de deux grands enfants, souligne son absence de volont\u00e9 \u00ab\u00a0pour mettre des choses en place\u00a0\u00bb, et se tirer de la spirale des addictions. Il requiert 5 ans de prison avec mandat de d\u00e9p\u00f4t. Le tribunal est moins s\u00e9v\u00e8re, et renvoie le pr\u00e9venu en prison, pour une dur\u00e9e de 6 mois.<\/p>\n<p class=\" wall-content\">Personnalisez votre actualit\u00e9 en ajoutant vos villes et m\u00e9dias en favori avec <a href=\"https:\/\/moncompte.actu.fr\" title=\"D\u00e9couvez Mon Actu\" rel=\"nofollow noopener\" data-trk=\"{&quot;cta&quot;:{&quot;action&quot;:&quot;https:\\\/\\\/moncompte.actu.fr&quot;,&quot;category&quot;:&quot;mon compte&quot;,&quot;from&quot;:&quot;article footer&quot;,&quot;name&quot;:&quot;Mon actu&quot;,&quot;type&quot;:&quot;cta&quot;}}\" target=\"_blank\">Mon Actu<\/a>.<\/p>\n","protected":false},"excerpt":{"rendered":"Par Margot Nicod\u00e8me Publi\u00e9 le 25 sept. 2025 \u00e0 12h20 On ne peut pas, en tout cas, reprocher&hellip;\n","protected":false},"author":2,"featured_media":416373,"comment_status":"","ping_status":"","sticky":false,"template":"","format":"standard","meta":{"footnotes":""},"categories":[2815],"tags":[1111,11,1052,1777,674,118,1011,27,811,303,1307,12,1072,25],"class_list":{"0":"post-416372","1":"post","2":"type-post","3":"status-publish","4":"format-standard","5":"has-post-thumbnail","7":"category-lille","8":"tag-actu","9":"tag-actualites","10":"tag-drogue","11":"tag-eu","12":"tag-europe","13":"tag-faits-divers","14":"tag-fr","15":"tag-france","16":"tag-hauts-de-france","17":"tag-justice","18":"tag-lille","19":"tag-news","20":"tag-police","21":"tag-republique-francaise"},"share_on_mastodon":{"url":"https:\/\/pubeurope.com\/@fr\/115264711946519067","error":""},"_links":{"self":[{"href":"https:\/\/www.europesays.com\/fr\/wp-json\/wp\/v2\/posts\/416372","targetHints":{"allow":["GET"]}}],"collection":[{"href":"https:\/\/www.europesays.com\/fr\/wp-json\/wp\/v2\/posts"}],"about":[{"href":"https:\/\/www.europesays.com\/fr\/wp-json\/wp\/v2\/types\/post"}],"author":[{"embeddable":true,"href":"https:\/\/www.europesays.com\/fr\/wp-json\/wp\/v2\/users\/2"}],"replies":[{"embeddable":true,"href":"https:\/\/www.europesays.com\/fr\/wp-json\/wp\/v2\/comments?post=416372"}],"version-history":[{"count":0,"href":"https:\/\/www.europesays.com\/fr\/wp-json\/wp\/v2\/posts\/416372\/revisions"}],"wp:featuredmedia":[{"embeddable":true,"href":"https:\/\/www.europesays.com\/fr\/wp-json\/wp\/v2\/media\/416373"}],"wp:attachment":[{"href":"https:\/\/www.europesays.com\/fr\/wp-json\/wp\/v2\/media?parent=416372"}],"wp:term":[{"taxonomy":"category","embeddable":true,"href":"https:\/\/www.europesays.com\/fr\/wp-json\/wp\/v2\/categories?post=416372"},{"taxonomy":"post_tag","embeddable":true,"href":"https:\/\/www.europesays.com\/fr\/wp-json\/wp\/v2\/tags?post=416372"}],"curies":[{"name":"wp","href":"https:\/\/api.w.org\/{rel}","templated":true}]}}