{"id":416376,"date":"2025-09-25T11:32:09","date_gmt":"2025-09-25T11:32:09","guid":{"rendered":"https:\/\/www.europesays.com\/fr\/416376\/"},"modified":"2025-09-25T11:32:09","modified_gmt":"2025-09-25T11:32:09","slug":"les-premiers-chiffres-de-la-delinquance-en-2025-sont-tombes-2","status":"publish","type":"post","link":"https:\/\/www.europesays.com\/fr\/416376\/","title":{"rendered":"les premiers chiffres de la d\u00e9linquance en 2025 sont tomb\u00e9s"},"content":{"rendered":"<p>            Par<br \/>\n        <strong><br \/>\n            <a href=\"https:\/\/actu.fr\/auteur\/fabien-binacchi\" title=\"Consulter tous les articles de Fabien Binacchi\" target=\"_blank\" rel=\"noopener\">Fabien Binacchi<\/a><br \/>\n        <\/strong><\/p>\n<p>        Publi\u00e9 le<\/p>\n<p>            25 sept. 2025 \u00e0 13h26        <\/p>\n<p>Des voyants majoritairement au vert sur le front de la d\u00e9linquance. Ce jeudi 25\u00a0septembre 2025, les autorit\u00e9s ont livr\u00e9 les chiffres sur les huit premiers mois de 2025 et la tendance est au moins stable, voire \u00e0 la baisse, notamment dans l\u2019hypercentre de <a href=\"https:\/\/actu.fr\/marseille\/\" target=\"_blank\" rel=\"noopener\">Marseille<\/a>, appuie le pr\u00e9fet des <a href=\"https:\/\/actu.fr\/provence-alpes-cote-d-azur\/bouches-du-rhone_13\" target=\"_blank\" rel=\"noopener\">Bouches-du-Rh\u00f4ne<\/a> Georges Fran\u00e7ois Leclerc. Les donn\u00e9es communiqu\u00e9es t\u00e9moignent d\u2019<strong>un recul dans presque toutes les cat\u00e9gories de d\u00e9lits<\/strong> et d\u2019<a href=\"https:\/\/actu.fr\/provence-alpes-cote-d-azur\/marseille_13055\/trafics-de-drogue-coup-de-filet-massif-a-marseille-bruno-retailleau-frappe-fort_62550736.html\" target=\"_blank\" rel=\"noopener\">un \u00ab\u2009pilonnage\u2009\u00bb continu des points de deal.<\/a> Voici le d\u00e9tail.<\/p>\n<p>\u00ab\u2009La haute priorit\u00e9\u2009\u00bb<\/p>\n<p class=\" wall-content\">Il aura \u00e9t\u00e9 beaucoup question de l\u2019hypercentre de Marseille ce jeudi 25\u00a0septembre alors que pr\u00e9fet des Bouches-du-Rh\u00f4ne et la pr\u00e9f\u00e8te de police d\u00e9l\u00e9gu\u00e9e tiraient un premier bilan annuel de la d\u00e9linquance\u2009: les quartiers de <strong>Belsunce<\/strong> ou encore de la <strong>Porte d\u2019Aix<\/strong> sont \u00ab\u2009la haute priorit\u00e9 de services de police\u2009\u00bb, a insist\u00e9 Georges-Fran\u00e7ois Leclerc.<\/p>\n<p class=\" wall-content\">Appuy\u00e9s par un renfort de 25 agents depuis le 1er\u00a0septembre, une Compagnie r\u00e9publicaine de s\u00e9curit\u00e9 (CRS) et trois \u00e9quipages de la police aux fronti\u00e8res \u00ab\u2009en poste quotidiennement\u2009\u00bb, les forces de l\u2019ordre y assurent d\u00e9j\u00e0 <strong>un \u00ab\u2009pilonnage\u2009\u00bb,<\/strong> pointent les services de l\u2019\u00c9tat.<\/p>\n<p class=\" wall-content\">Alors que le secteur va bient\u00f4t faire l\u2019objet d\u2019un <strong>Groupe local de traitement de la d\u00e9linquance (GLTD)<\/strong> pr\u00e9sid\u00e9 par le procureur de la R\u00e9publique (un dispositif con\u00e7u \u00e0 la fin des ann\u00e9es 1990 comme \u00ab\u2009une solution chirurgicale sur des quartiers consid\u00e9r\u00e9s criminologiquement comme des cas lourds\u2009\u00bb), les premiers r\u00e9sultats seraient d\u00e9j\u00e0 l\u00e0\u2009:<\/p>\n<ul class=\" wall-content\">\n<li>Vols de v\u00e9hicules -16\u2009%<\/li>\n<li>Cambriolages -14\u2009%<\/li>\n<li>Vols avec violence -2\u2009%<\/li>\n<li>Vols avec armes \u00e0 feu -43\u2009%<\/li>\n<li>Violences avec coups et blessures -10\u2009%<\/li>\n<li>Faits constat\u00e9s de trafics +\u00a012\u2009%<\/li>\n<\/ul>\n<p>La pression sur les points de deal<\/p>\n<p class=\" wall-content\">Sur le front de la lutte contre les stup\u00e9fiants justement, la strat\u00e9gie de pression op\u00e9r\u00e9e sur les points de deal continue, appuie le pr\u00e9fet Georges-Fran\u00e7ois Leclerc. Il y en a <strong>9 dans l\u2019hypercentre de Marseille<\/strong> et une centaine identifi\u00e9s \u00e0 l\u2019\u00e9chelle de toute la ville, o\u00f9 le nombre de faits constat\u00e9s a augment\u00e9 de <strong>15,30\u2009%.<\/strong><\/p>\n<p>La \u00ab\u00a0part des \u00e9trangers dans la d\u00e9linquance\u00a0\u00bb<\/p>\n<p>Le pr\u00e9fet note que \u00ab\u00a0de plus en plus de jeunes en situation irr\u00e9guli\u00e8re sont embarqu\u00e9s dans les r\u00e9seaux\u00a0\u00bb. Ils sont \u00ab\u00a0surrepr\u00e9sent\u00e9s dans les affaires d\u00e9lictuelles ou criminelles\u00a0\u00bb o\u00f9 leur part atteint \u00ab\u00a060 \u00e0 70%\u00a0\u00bb, appuie Georges-Fran\u00e7ois Leclerc. Selon les donn\u00e9es communiqu\u00e9es par les services de l&rsquo;Etat, de mani\u00e8re g\u00e9n\u00e9rale, la \u00ab\u00a0part des \u00e9trangers dans la d\u00e9linquance de voie publique dans le d\u00e9partement\u00a0\u00bb est de 42%. Un chiffre pouvant aller jusqu&rsquo;\u00e0 65% dans le centre-ville de Marseille. \u00ab\u00a0Ce sont des faits\u00a0\u00bb, a-t-il aussi insist\u00e9.<\/p>\n<p>Votre r\u00e9gion, votre actu !<\/p>\n<p>Recevez chaque jour les infos qui comptent pour vous.<\/p>\n<p>\t<a href=\"https:\/\/actu.fr\/newsletter\" class=\"ac-btn ac-btn--corner ac-btn--medium ac-btn--blue800\" target=\"_blank\" rel=\"noopener\">S&rsquo;incrire<\/a><\/p>\n<p class=\" wall-content\">Dans tout le d\u00e9partement, le nombre d\u2019interpellations li\u00e9es \u00e0 ces trafics est aussi en hausse\u2009: <strong>+6,2%<\/strong> sur les huit premiers mois de l\u2019ann\u00e9e 2025. \u00c0 date, <strong>13 \u00ab\u2009narchomicides\u2009\u00bb<\/strong> sont \u00e9galement \u00e0 d\u00e9plorer, soit autant qu\u2019en 2024 et beaucoup moins qu\u2019en 2023 (49 au total).<\/p>\n<p>Ce qui baisse et ce qui monte<\/p>\n<p class=\" wall-content\">Sur le reste des donn\u00e9es li\u00e9es \u00e0 la d\u00e9linquance communiqu\u00e9es ce jeudi, \u00e0 Marseille, les vols de v\u00e9hicules ont baiss\u00e9 de <strong>10,67%<\/strong> (439 victimes de moins), les coups et blessures de <strong>3,36%<\/strong> (-175 cas) et les violences physiques sont quasi stables <strong>(-0,13\u2009%)<\/strong> entre janvier et ao\u00fbt 2025 par rapport aux huit premiers mois de 2024.<\/p>\n<p class=\" wall-content\">Seuls les cambriolages de logement enregistrent une l\u00e9g\u00e8re hausse de <strong>2,07\u2009%,<\/strong> soit 62 faits de plus, alors qu\u2019ils diminuent franchement <strong>(-11%)<\/strong> \u00e0 l\u2019\u00e9chelle de tout le d\u00e9partement.<\/p>\n<p>Un \u00ab\u2009ph\u00e9nom\u00e8ne\u2009\u00bb d\u2019arrachages de colliers<\/p>\n<p class=\" wall-content\">D\u2019une ann\u00e9e \u00e0 l\u2019autre, le nombre de vols avec violence n\u2019a pas boug\u00e9 dans les Bouches-du-Rh\u00f4ne. M\u00eame si un modus operandi a pris de l\u2019ampleur selon le directeur interd\u00e9partemental de la police nationale\u2009: \u00ab\u2009Nous avons eu affaire \u00e0 une s\u00e9rie d\u2019arrachages de colliers avec <strong>plusieurs \u00e9quipes interpell\u00e9es<\/strong>\u2009\u00bb, note C\u00e9dric Esson.<\/p>\n<p class=\" wall-content\">Le g\u00e9n\u00e9ral Pierre Baillargeat, \u00e0 la t\u00eate du groupement de gendarmerie, a fait le m\u00eame constat \u00ab\u2009avec les pr\u00e9mices de ce ph\u00e9nom\u00e8ne\u2009\u00bb dans les zones o\u00f9 elle est d\u00e9ploy\u00e9e.<\/p>\n<p class=\" wall-content\">Personnalisez votre actualit\u00e9 en ajoutant vos villes et m\u00e9dias en favori avec <a href=\"https:\/\/moncompte.actu.fr\" title=\"D\u00e9couvez Mon Actu\" rel=\"nofollow noopener\" data-trk=\"{&quot;cta&quot;:{&quot;action&quot;:&quot;https:\\\/\\\/moncompte.actu.fr&quot;,&quot;category&quot;:&quot;mon compte&quot;,&quot;from&quot;:&quot;article footer&quot;,&quot;name&quot;:&quot;Mon actu&quot;,&quot;type&quot;:&quot;cta&quot;}}\" target=\"_blank\">Mon Actu<\/a>.<\/p>\n","protected":false},"excerpt":{"rendered":"Par Fabien Binacchi Publi\u00e9 le 25 sept. 2025 \u00e0 13h26 Des voyants majoritairement au vert sur le front&hellip;\n","protected":false},"author":2,"featured_media":416377,"comment_status":"","ping_status":"","sticky":false,"template":"","format":"standard","meta":{"footnotes":""},"categories":[2814],"tags":[1111,11,1777,674,1011,27,3381,2825,884,12,1072,882,25,104],"class_list":{"0":"post-416376","1":"post","2":"type-post","3":"status-publish","4":"format-standard","5":"has-post-thumbnail","7":"category-marseille","8":"tag-actu","9":"tag-actualites","10":"tag-eu","11":"tag-europe","12":"tag-fr","13":"tag-france","14":"tag-gendarmerie","15":"tag-insecurite","16":"tag-marseille","17":"tag-news","18":"tag-police","19":"tag-provence-alpes-cote-dazur","20":"tag-republique-francaise","21":"tag-societe"},"share_on_mastodon":{"url":"https:\/\/pubeurope.com\/@fr\/115264719806837494","error":""},"_links":{"self":[{"href":"https:\/\/www.europesays.com\/fr\/wp-json\/wp\/v2\/posts\/416376","targetHints":{"allow":["GET"]}}],"collection":[{"href":"https:\/\/www.europesays.com\/fr\/wp-json\/wp\/v2\/posts"}],"about":[{"href":"https:\/\/www.europesays.com\/fr\/wp-json\/wp\/v2\/types\/post"}],"author":[{"embeddable":true,"href":"https:\/\/www.europesays.com\/fr\/wp-json\/wp\/v2\/users\/2"}],"replies":[{"embeddable":true,"href":"https:\/\/www.europesays.com\/fr\/wp-json\/wp\/v2\/comments?post=416376"}],"version-history":[{"count":0,"href":"https:\/\/www.europesays.com\/fr\/wp-json\/wp\/v2\/posts\/416376\/revisions"}],"wp:featuredmedia":[{"embeddable":true,"href":"https:\/\/www.europesays.com\/fr\/wp-json\/wp\/v2\/media\/416377"}],"wp:attachment":[{"href":"https:\/\/www.europesays.com\/fr\/wp-json\/wp\/v2\/media?parent=416376"}],"wp:term":[{"taxonomy":"category","embeddable":true,"href":"https:\/\/www.europesays.com\/fr\/wp-json\/wp\/v2\/categories?post=416376"},{"taxonomy":"post_tag","embeddable":true,"href":"https:\/\/www.europesays.com\/fr\/wp-json\/wp\/v2\/tags?post=416376"}],"curies":[{"name":"wp","href":"https:\/\/api.w.org\/{rel}","templated":true}]}}