{"id":416388,"date":"2025-09-25T11:40:15","date_gmt":"2025-09-25T11:40:15","guid":{"rendered":"https:\/\/www.europesays.com\/fr\/416388\/"},"modified":"2025-09-25T11:40:15","modified_gmt":"2025-09-25T11:40:15","slug":"quand-paris-prend-des-airs-de-village-avec-ali-akbar-son-dernier-crieur-de-journaux","status":"publish","type":"post","link":"https:\/\/www.europesays.com\/fr\/416388\/","title":{"rendered":"Quand Paris prend des airs de village avec Ali Akbar, son dernier crieur de journaux"},"content":{"rendered":"<p class=\"mb-4 text-lg md:leading-8 break-words\">Tout le monde le conna\u00eet et il conna\u00eet tout le monde. Chaque jour, Ali Akbar slalome de terrasse en terrasse pour vendre ses journaux en plein coeur de Paris. A 73 ans, il est le dernier vendeur de journaux \u00e0 la cri\u00e9e de la capitale.<\/p>\n<p class=\"mb-4 text-lg md:leading-8 break-words\">\u00ab\u00a0\u00c7a y est, Zemmour s&rsquo;est converti \u00e0 l&rsquo;islam !\u00a0\u00bb, \u00ab\u00a0Bayrou est de retour !\u00a0\u00bb, \u00ab\u00a0La France va mieux !\u00a0\u00bb : Ali invente des titres humoristiques et les d\u00e9clame, sillonne les rues de Saint-Germain-des-Pr\u00e9s sous les regards amus\u00e9s des habitants et touristes de ce Paris des intellectuels, des galeries d\u2019art et des librairies.<\/p>\n<p class=\"mb-4 text-lg md:leading-8 break-words\">Avec lui, la capitale prend des airs de village.<\/p>\n<p class=\"mb-4 text-lg md:leading-8 break-words\">\u00ab\u00a0M\u00eame les murs pourraient parler d\u2019Ali\u00a0\u00bb, dit en souriant Amina Qissi, serveuse dans un restaurant en face du march\u00e9 Saint-Germain, qui connait le vendeur pakistanais depuis plus de 20 ans.<\/p>\n<p class=\"mb-4 text-lg md:leading-8 break-words\">Pour elle, ce \u00ab\u00a0personnage\u00a0\u00bb svelte et au visage fin, avec ses journaux sous le bras, est indissociable du quartier. \u00ab\u00a0M\u00eame les touristes habitu\u00e9s nous demandent o\u00f9 il est, si jamais ils ne le voient pas !\u00a0\u00bb<\/p>\n<p class=\"mb-4 text-lg md:leading-8 break-words\">Le pr\u00e9sident Emmanuel Macron a promis de le nommer prochainement au grade de chevalier dans l\u2019ordre national du M\u00e9rite pour \u00ab\u00a0son engagement au service de la France\u00a0\u00bb.<\/p>\n<p class=\"mb-4 text-lg md:leading-8 break-words\">\u00ab\u00a0Au d\u00e9but, je n\u2019y croyais pas, c\u2019est s\u00fbrement des amis qui lui ont demand\u00e9\u2026 ou peut-\u00eatre que c\u2019est lui qui a d\u00e9cid\u00e9 tout seul, on se croisait souvent quand il \u00e9tait \u00e9tudiant\u00a0\u00bb, se souvient le vendeur, lunettes rondes, bleu de travail et casquette gavroche, qui vend d\u00e9sormais principalement le journal Le Monde.<\/p>\n<p class=\"mb-4 text-lg md:leading-8 break-words\">\u00ab\u00a0Je crois que c&rsquo;est par rapport \u00e0 mon courage. Parce que j&rsquo;ai beaucoup travaill\u00e9\u00a0\u00bb, explique-t-il.<\/p>\n<p class=\"mb-4 text-lg md:leading-8 break-words\">Arriv\u00e9 \u00e0 20 ans en France, dans l&rsquo;espoir de sortir de la mis\u00e8re et d&rsquo;envoyer de l&rsquo;argent \u00e0 sa famille rest\u00e9e au Pakistan, il a \u00e9t\u00e9 marin puis plongeur dans un restaurant \u00e0 Rouen avant de rencontrer \u00e0 Paris Georges Bernier, dit \u00ab\u00a0le professeur Choron\u00a0\u00bb, qui lui propose de vendre ses journaux satiriques Hara-Kiri et Charlie Hebdo.<\/p>\n<p class=\"mb-4 text-lg md:leading-8 break-words\">Un temps sans domicile fixe, il raconte avoir \u00e9t\u00e9 victime d&rsquo;agressions, connu l&rsquo;extr\u00eame pauvret\u00e9. Une vie de gal\u00e8res, mais il n&rsquo;a jamais \u00ab\u00a0laiss\u00e9 tomber\u00a0\u00bb.<\/p>\n<p class=\"mb-4 text-lg md:leading-8 break-words\">\u00ab\u00a0Emmanuel Macron va mettre un peu de B\u00e9tadine sur mes blessures\u00a0\u00bb, a-t-il confi\u00e9 \u00e0 Shahab, 30 ans, le benjamin de ses cinq enfants, qui se dit \u00a0\u00ab\u00a0tr\u00e8s admiratif\u00a0\u00bb de son p\u00e8re.<\/p>\n<p class=\"mb-4 text-lg md:leading-8 break-words\">The New York Times, BBC, The Asia Business Daily, La Stampa : Shahab aime r\u00e9pertorier les multiples portraits consacr\u00e9s \u00e0 son p\u00e8re dans la presse \u00e9trang\u00e8re.<\/p>\n<p class=\"mb-4 text-lg md:leading-8 break-words\">&#8211; Mettre de l&rsquo;ambiance &#8211;<\/p>\n<p class=\"mb-4 text-lg md:leading-8 break-words\">A ses d\u00e9buts de crieur dans les ann\u00e9es 1970, Ali jette son d\u00e9volu sur le 6e arrondissement, qui \u00e9tait un quartier universitaire o\u00f9 \u00e0 l&rsquo;\u00e9poque \u00ab\u00a0on mangeait pour pas cher\u00a0\u00bb.<\/p>\n<p class=\"mb-4 text-lg md:leading-8 break-words\">Il fr\u00e9quente la rue Saint-Guillaume devant Sciences Po et raconte avoir appris le fran\u00e7ais au contact d&rsquo;\u00e9tudiants comme l&rsquo;ancien Premier ministre Edouard Philippe et \u00ab\u00a0plein d&rsquo;autres qui sont devenus ministres ou d\u00e9put\u00e9s\u00a0\u00bb.<\/p>\n<p class=\"mb-4 text-lg md:leading-8 break-words\">Paris comptait alors une quarantaine de vendeurs de journaux \u00e0 la cri\u00e9e, post\u00e9s \u00e0 des endroits strat\u00e9giques comme les bouches de m\u00e9tro. Il se d\u00e9marque en choisissant de d\u00e9ambuler et choisit le quartier latin. C&rsquo;est dans les ann\u00e9es 1980 qu&rsquo;il commence \u00e0 inventer des titres racoleurs.<\/p>\n<p class=\"mb-4 text-lg md:leading-8 break-words\">\u00ab\u00a0Moi je veux que les gens vivent dans la joie. Je fais \u00e7a pour mettre de l&rsquo;ambiance, c&rsquo;est tout\u00a0\u00bb, explique-t-il, avant d&rsquo;admettre \u00ab\u00a0avoir de plus en plus de mal \u00e0 trouver de bonnes blagues\u00a0\u00bb, tellement \u00ab\u00a0c&rsquo;est le bordel\u00a0\u00bb.<\/p>\n<p class=\"mb-4 text-lg md:leading-8 break-words\">Il per\u00e7oit 1.000 euros de retraite par mois mais continue \u00e0 travailler de 15 \u00e0 22 heures. Cet apr\u00e8s-midi-l\u00e0 les clients se font rares. Il \u00e9coule en moyenne une trentaine de journaux par jour, contre 150 \u00e0 200 \u00e0 ses d\u00e9buts.<\/p>\n<p class=\"mb-4 text-lg md:leading-8 break-words\">\u00ab\u00a0Tant que j\u2019ai de l\u2019\u00e9nergie je continue, je travaillerai jusqu\u2019\u00e0 la mort !\u00a0\u00bb, plaisante-t-il.<\/p>\n<p class=\"mb-4 text-lg md:leading-8 break-words\">Il est \u00ab\u00a0touchant\u00a0\u00bb, affirme Amel Ghali, 36 ans, assise en terrasse, \u00ab\u00a0\u00e0 l&rsquo;\u00e8re du num\u00e9rique, c&rsquo;est beau de voir \u00e7a&#8230; Nos enfants ne conna\u00eetront malheureusement pas le plaisir de lire un journal avec son petit caf\u00e9\u00a0\u00bb.<\/p>\n<p class=\"mb-4 text-lg md:leading-8 break-words\">cka\/vg\/hdz<\/p>\n","protected":false},"excerpt":{"rendered":"Tout le monde le conna\u00eet et il conna\u00eet tout le monde. Chaque jour, Ali Akbar slalome de terrasse&hellip;\n","protected":false},"author":2,"featured_media":416389,"comment_status":"","ping_status":"","sticky":false,"template":"","format":"standard","meta":{"footnotes":""},"categories":[1888],"tags":[1111,1928,11,1927,54652,54654,54653,54651,1777,674,1011,27,25917,12,1926,626,1925,25],"class_list":{"0":"post-416388","1":"post","2":"type-post","3":"status-publish","4":"format-standard","5":"has-post-thumbnail","7":"category-paris","8":"tag-actu","9":"tag-actu-paris","10":"tag-actualites","11":"tag-actualites-paris","12":"tag-ali-akbar","13":"tag-bleu-de-travail","14":"tag-bouches-de-metro","15":"tag-chevalier-dans-lordre-national-du-merite","16":"tag-eu","17":"tag-europe","18":"tag-fr","19":"tag-france","20":"tag-journaux","21":"tag-news","22":"tag-news-paris","23":"tag-paris","24":"tag-paris-news","25":"tag-republique-francaise"},"share_on_mastodon":{"url":"https:\/\/pubeurope.com\/@fr\/115264751186047755","error":""},"_links":{"self":[{"href":"https:\/\/www.europesays.com\/fr\/wp-json\/wp\/v2\/posts\/416388","targetHints":{"allow":["GET"]}}],"collection":[{"href":"https:\/\/www.europesays.com\/fr\/wp-json\/wp\/v2\/posts"}],"about":[{"href":"https:\/\/www.europesays.com\/fr\/wp-json\/wp\/v2\/types\/post"}],"author":[{"embeddable":true,"href":"https:\/\/www.europesays.com\/fr\/wp-json\/wp\/v2\/users\/2"}],"replies":[{"embeddable":true,"href":"https:\/\/www.europesays.com\/fr\/wp-json\/wp\/v2\/comments?post=416388"}],"version-history":[{"count":0,"href":"https:\/\/www.europesays.com\/fr\/wp-json\/wp\/v2\/posts\/416388\/revisions"}],"wp:featuredmedia":[{"embeddable":true,"href":"https:\/\/www.europesays.com\/fr\/wp-json\/wp\/v2\/media\/416389"}],"wp:attachment":[{"href":"https:\/\/www.europesays.com\/fr\/wp-json\/wp\/v2\/media?parent=416388"}],"wp:term":[{"taxonomy":"category","embeddable":true,"href":"https:\/\/www.europesays.com\/fr\/wp-json\/wp\/v2\/categories?post=416388"},{"taxonomy":"post_tag","embeddable":true,"href":"https:\/\/www.europesays.com\/fr\/wp-json\/wp\/v2\/tags?post=416388"}],"curies":[{"name":"wp","href":"https:\/\/api.w.org\/{rel}","templated":true}]}}