{"id":416390,"date":"2025-09-25T11:41:09","date_gmt":"2025-09-25T11:41:09","guid":{"rendered":"https:\/\/www.europesays.com\/fr\/416390\/"},"modified":"2025-09-25T11:41:09","modified_gmt":"2025-09-25T11:41:09","slug":"une-chaussee-seffondre-300-foyers-prives-deau-et-delectricite","status":"publish","type":"post","link":"https:\/\/www.europesays.com\/fr\/416390\/","title":{"rendered":"une chauss\u00e9e s&rsquo;effondre, 300 foyers priv\u00e9s d&rsquo;eau et d&rsquo;\u00e9lectricit\u00e9"},"content":{"rendered":"<p>            Par<br \/>\n        <strong><br \/>\n            <a href=\"https:\/\/actu.fr\/auteur\/sarah-coulet\" title=\"Consulter tous les articles de Sarah Coulet\" rel=\"nofollow noopener\" target=\"_blank\">Sarah Coulet<\/a><br \/>\n        <\/strong><\/p>\n<p>        Publi\u00e9 le<\/p>\n<p>            25 sept. 2025 \u00e0 11h43        <\/p>\n<p>Il \u00e9tait aux alentours de 6h30 ce jeudi 25\u00a0septembre 2025 quand, pour des raisons qui restent \u00e0 d\u00e9terminer, une <strong>canalisation s\u2019est rompue<\/strong> \u00e0 <a href=\"https:\/\/actu.fr\/ile-de-france\/colombes_92025\" rel=\"nofollow noopener\" target=\"_blank\">Colombes<\/a> dans les Hauts-de-Seine, a appris actu Paris. Les \u00e9quipes de la Ville ainsi que les <a href=\"https:\/\/actu.fr\/tag\/brigade-de-sapeurs-pompiers-de-paris\" rel=\"nofollow noopener\" target=\"_blank\">pompiers<\/a> et la police sont sur place mais la circulation, l\u2019acc\u00e8s \u00e0 l\u2019eau et \u00e0 l\u2019\u00e9lectricit\u00e9 sont impact\u00e9s.<\/p>\n<p>300 logements priv\u00e9s d\u2019eau et d\u2019\u00e9lectricit\u00e9<\/p>\n<p class=\" wall-content\">L\u2019image de la route \u00e9ventr\u00e9e est impressionnante, mais aucun bless\u00e9 n\u2019est \u00e0 d\u00e9plorer. Du c\u00f4t\u00e9 mat\u00e9riel, des <strong>voitures ont \u00e9t\u00e9 endommag\u00e9es<\/strong> en raison de la mont\u00e9e des eaux, notamment dans des parkings, d\u00e9plore St\u00e9phane Tchouan, directeur de cabinet de la ville.<\/p>\n<p class=\" wall-content\">L\u2019alimentation en eau et en \u00e9lectricit\u00e9 a d\u00fb \u00eatre coup\u00e9e dans 300 logements du quartier afin de faciliter les r\u00e9parations. \u00ab\u2009Le retour \u00e0 la normale est pr\u00e9vu pour le <strong>d\u00e9but d\u2019apr\u00e8s-midi<\/strong>\u2009\u00bb, indique St\u00e9phane Tchouan \u00e0 actu Paris.<\/p>\n<p class=\" wall-content\">En ce qui concerne les d\u00e9g\u00e2ts sur l\u2019avenue Stalingrad, il faudra faire preuve d\u2019un peu plus de patience. La circulation sera coup\u00e9e pendant une <strong>dizaine de jours<\/strong>, le temps de proc\u00e9der aux r\u00e9parations.<\/p>\n<p class=\" wall-content\">Personnalisez votre actualit\u00e9 en ajoutant vos villes et m\u00e9dias en favori avec <a href=\"https:\/\/moncompte.actu.fr\" title=\"D\u00e9couvez Mon Actu\" rel=\"nofollow noopener\" data-trk=\"{&quot;cta&quot;:{&quot;action&quot;:&quot;https:\\\/\\\/moncompte.actu.fr&quot;,&quot;category&quot;:&quot;mon compte&quot;,&quot;from&quot;:&quot;article footer&quot;,&quot;name&quot;:&quot;Mon actu&quot;,&quot;type&quot;:&quot;cta&quot;}}\" target=\"_blank\">Mon Actu<\/a>.<\/p>\n","protected":false},"excerpt":{"rendered":"Par Sarah Coulet Publi\u00e9 le 25 sept. 2025 \u00e0 11h43 Il \u00e9tait aux alentours de 6h30 ce jeudi&hellip;\n","protected":false},"author":2,"featured_media":416391,"comment_status":"","ping_status":"","sticky":false,"template":"","format":"standard","meta":{"footnotes":""},"categories":[1888],"tags":[11,3542,1777,674,1011,27,12,626,1311,25,104],"class_list":{"0":"post-416390","1":"post","2":"type-post","3":"status-publish","4":"format-standard","5":"has-post-thumbnail","7":"category-paris","8":"tag-actualites","9":"tag-circulation","10":"tag-eu","11":"tag-europe","12":"tag-fr","13":"tag-france","14":"tag-news","15":"tag-paris","16":"tag-pompiers","17":"tag-republique-francaise","18":"tag-societe"},"share_on_mastodon":{"url":"https:\/\/pubeurope.com\/@fr\/115264755055265048","error":""},"_links":{"self":[{"href":"https:\/\/www.europesays.com\/fr\/wp-json\/wp\/v2\/posts\/416390","targetHints":{"allow":["GET"]}}],"collection":[{"href":"https:\/\/www.europesays.com\/fr\/wp-json\/wp\/v2\/posts"}],"about":[{"href":"https:\/\/www.europesays.com\/fr\/wp-json\/wp\/v2\/types\/post"}],"author":[{"embeddable":true,"href":"https:\/\/www.europesays.com\/fr\/wp-json\/wp\/v2\/users\/2"}],"replies":[{"embeddable":true,"href":"https:\/\/www.europesays.com\/fr\/wp-json\/wp\/v2\/comments?post=416390"}],"version-history":[{"count":0,"href":"https:\/\/www.europesays.com\/fr\/wp-json\/wp\/v2\/posts\/416390\/revisions"}],"wp:featuredmedia":[{"embeddable":true,"href":"https:\/\/www.europesays.com\/fr\/wp-json\/wp\/v2\/media\/416391"}],"wp:attachment":[{"href":"https:\/\/www.europesays.com\/fr\/wp-json\/wp\/v2\/media?parent=416390"}],"wp:term":[{"taxonomy":"category","embeddable":true,"href":"https:\/\/www.europesays.com\/fr\/wp-json\/wp\/v2\/categories?post=416390"},{"taxonomy":"post_tag","embeddable":true,"href":"https:\/\/www.europesays.com\/fr\/wp-json\/wp\/v2\/tags?post=416390"}],"curies":[{"name":"wp","href":"https:\/\/api.w.org\/{rel}","templated":true}]}}