{"id":416402,"date":"2025-09-25T11:47:10","date_gmt":"2025-09-25T11:47:10","guid":{"rendered":"https:\/\/www.europesays.com\/fr\/416402\/"},"modified":"2025-09-25T11:47:10","modified_gmt":"2025-09-25T11:47:10","slug":"relance-par-la-dette-insuffisante-les-reformes-urgentes-selon-les-instituts","status":"publish","type":"post","link":"https:\/\/www.europesays.com\/fr\/416402\/","title":{"rendered":"relance par la dette insuffisante, les r\u00e9formes urgentes, selon les instituts"},"content":{"rendered":"<p class=\"fig-paragraph\">L&rsquo;Allemagne devrait sortir de sa l\u00e9thargie \u00e9conomique l&rsquo;an prochain, mais en se reposant largement sur un<a href=\"http:\/\/www.lefigaro.fr\/international\/quoi-qu-il-en-coute-pour-se-rearmer-l-allemagne-injecte-des-centaines-de-milliards-d-euros-et-sacrifie-le-frein-a-la-dette-20250305\" data-fig-type=\"Article\" data-gtm-custom-categorie=\"navigation\" data-gtm-custom-action=\"crossclick\" data-gtm-custom-label=\"Contextuel\" data-gtm-event=\"customEventSPE\" data-fig-domain=\"LEFIGARO\" rel=\"nofollow noopener\" target=\"_blank\">\u00a0surplus d&rsquo;endettement public,<\/a>\u00a0pr\u00e9viennent jeudi les principaux instituts de conjoncture du pays, qui appellent \u00e0 acc\u00e9l\u00e9rer les r\u00e9formes structurelles.<\/p>\n<p class=\"fig-paragraph\">La hausse du Produit Int\u00e9rieur Brut (PIB) de la premi\u00e8re \u00e9conomie europ\u00e9enne devrait atteindre 0,2% en 2025, contre 0,1% anticip\u00e9 au printemps, puis 1,3% l&rsquo;an prochain et 1,4% en 2027, d\u00e9taillent cinq grands instituts \u00e9conomiques dans leurs pr\u00e9visions d&rsquo;automne. L&rsquo;Allemagne se sortirait ainsi de la r\u00e9cession des deux ann\u00e9es pass\u00e9es, mais son \u00e9conomie demeure \u00abtoujours sur un terrain instable\u00bb, a expliqu\u00e9 Geraldine Dany-Knedlik, de l&rsquo;institut DIW, dans un communiqu\u00e9 commun.<\/p>\n<p>                                    <a class=\"fig-a11y-skip a11y-hidden\" href=\"#fig-a11y-skip-main-inarticle\"><br \/>\n        Passer la publicit\u00e9<br \/>\n    <\/a><\/p>\n<p class=\"fig-paragraph\">Pour relancer l&rsquo;\u00e9conomie, le gouvernement du chancelier conservateur Friedrich Merz a promis des milliards d&rsquo;euros d&rsquo;investissement publics dans la d\u00e9fense et les infrastructures au cours des prochaines ann\u00e9es, mettant fin \u00e0 des ann\u00e9es de gestion budg\u00e9taire rigoureuse limitant la capacit\u00e9 d&rsquo;endettement du pays. Mais \u00abcette politique budg\u00e9taire expansionniste masque les probl\u00e8mes structurels\u00bb du pays, a d\u00e9clar\u00e9 l&rsquo;\u00e9conomiste devant la presse.<\/p>\n<p class=\"fig-paragraph\">Co\u00fbts des salaires et de l&rsquo;\u00e9nergie \u00e9lev\u00e9s dans le pays, p\u00e9nurie persistance de main d&rsquo;oeuvre qualifi\u00e9e et baisse de la comp\u00e9titivit\u00e9: les obstacles structurels restent nombreux en vue de relever dutablement le potentiel de croissance du pays. Les instituts appellent donc \u00e0 des r\u00e9formes \u00abfondamentales\u00bb d\u00e8s cet automne.<\/p>\n<p class=\"fig-paragraph\">Les principales f\u00e9d\u00e9rations patronales allemandes ont d\u00e9j\u00e0 mis la pression sur le chancelier lundi, soulignant \u00abl&rsquo;urgence\u00bb de r\u00e9formes pour relancer l&rsquo;\u00e9conomie. \u00abSans un tel ensemble de r\u00e9formes claires\u00bb , les impulsions budg\u00e9taires \u00abrisquent de s&rsquo;essouffler t\u00f4t ou tard\u00bb, a insist\u00e9 jeudi Stefan Kooths, \u00e9conomiste de l&rsquo;institut IfW de Kiel (nord). Il a compar\u00e9 l&rsquo;\u00e9conomie allemande \u00e0 un \u00abdrogu\u00e9\u00bb recevant sa dose sous forme des milliards promis pour les infrastructures\u00a0: \u00abun drogu\u00e9 se sentira mieux apr\u00e8s la piq\u00fbre, mais aucun m\u00e9decin ne dirait \u201cAh, maintenant le patient est gu\u00e9ri\u201d.\u00bb<\/p>\n<p class=\"fig-paragraph\">Les instituts ont pr\u00e9sent\u00e9 une douzaine de r\u00e9formes cl\u00e9s, entre mieux diversifier les relations commerciales, face \u00e0 la fragilit\u00e9 des cha\u00eenes d&rsquo;approvisionnement, encourager les personnes \u00e2g\u00e9es \u00e0 travailler davantage, supprimer les obstacles \u00e0 l&rsquo;immigration de talents \u00e9trangers et accro\u00eetre l&rsquo;efficacit\u00e9 de l&rsquo;administration publique.<\/p>\n<p class=\"fig-paragraph\">Friedrich Merz promet depuis l&rsquo;\u00e9t\u00e9 un \u00abautomne des r\u00e9formes\u00bb, visant retraites, ch\u00f4mage et assurance-maladie, tout en devant composer avec le Parti social-d\u00e9mocrate, alli\u00e9 de la coalition et attach\u00e9 \u00e0 pr\u00e9server l&rsquo;\u00c9tat-providence.<\/p>\n","protected":false},"excerpt":{"rendered":"L&rsquo;Allemagne devrait sortir de sa l\u00e9thargie \u00e9conomique l&rsquo;an prochain, mais en se reposant largement sur un\u00a0surplus d&rsquo;endettement public,\u00a0pr\u00e9viennent&hellip;\n","protected":false},"author":2,"featured_media":416403,"comment_status":"","ping_status":"","sticky":false,"template":"","format":"standard","meta":{"footnotes":""},"categories":[1587],"tags":[11,672,1804,1805,1803,1777,674,4710,1801,12,1802],"class_list":{"0":"post-416402","1":"post","2":"type-post","3":"status-publish","4":"format-standard","5":"has-post-thumbnail","7":"category-allemagne","8":"tag-actualites","9":"tag-allemagne","10":"tag-bundesrepublik-deutschland","11":"tag-de","12":"tag-deutschland","13":"tag-eu","14":"tag-europe","15":"tag-friedrich-merz","16":"tag-germany","17":"tag-news","18":"tag-republique-federale-dallemagne"},"share_on_mastodon":{"url":"https:\/\/pubeurope.com\/@fr\/115264778724129399","error":""},"_links":{"self":[{"href":"https:\/\/www.europesays.com\/fr\/wp-json\/wp\/v2\/posts\/416402","targetHints":{"allow":["GET"]}}],"collection":[{"href":"https:\/\/www.europesays.com\/fr\/wp-json\/wp\/v2\/posts"}],"about":[{"href":"https:\/\/www.europesays.com\/fr\/wp-json\/wp\/v2\/types\/post"}],"author":[{"embeddable":true,"href":"https:\/\/www.europesays.com\/fr\/wp-json\/wp\/v2\/users\/2"}],"replies":[{"embeddable":true,"href":"https:\/\/www.europesays.com\/fr\/wp-json\/wp\/v2\/comments?post=416402"}],"version-history":[{"count":0,"href":"https:\/\/www.europesays.com\/fr\/wp-json\/wp\/v2\/posts\/416402\/revisions"}],"wp:featuredmedia":[{"embeddable":true,"href":"https:\/\/www.europesays.com\/fr\/wp-json\/wp\/v2\/media\/416403"}],"wp:attachment":[{"href":"https:\/\/www.europesays.com\/fr\/wp-json\/wp\/v2\/media?parent=416402"}],"wp:term":[{"taxonomy":"category","embeddable":true,"href":"https:\/\/www.europesays.com\/fr\/wp-json\/wp\/v2\/categories?post=416402"},{"taxonomy":"post_tag","embeddable":true,"href":"https:\/\/www.europesays.com\/fr\/wp-json\/wp\/v2\/tags?post=416402"}],"curies":[{"name":"wp","href":"https:\/\/api.w.org\/{rel}","templated":true}]}}