{"id":416410,"date":"2025-09-25T11:51:11","date_gmt":"2025-09-25T11:51:11","guid":{"rendered":"https:\/\/www.europesays.com\/fr\/416410\/"},"modified":"2025-09-25T11:51:11","modified_gmt":"2025-09-25T11:51:11","slug":"la-gauche-a-enfin-compris-le-principe-de-la-fenetre-doverton-liberation","status":"publish","type":"post","link":"https:\/\/www.europesays.com\/fr\/416410\/","title":{"rendered":"la gauche a enfin compris le principe de la fen\u00eatre d\u2019Overton \u2013 Lib\u00e9ration"},"content":{"rendered":"<p class=\"sc-cPiKLX AiZTS text-element\">On vous a d\u00e9j\u00e0 parl\u00e9 ici du concept de la fen\u00eatre d\u2019Overton, cette gamme d\u2019id\u00e9es consid\u00e9r\u00e9es comme acceptables par l\u2019opinion publique \u00e0 un moment donn\u00e9. A force de dire des \u00e9normit\u00e9s, la fen\u00eatre d\u2019Overton s\u2019ouvre de plus en plus, et ce qui \u00e9tait consid\u00e9r\u00e9 comme outrancier par le pass\u00e9 peut devenir banal aujourd\u2019hui. L\u2019extr\u00eame droite a compris le concept depuis des ann\u00e9es, notamment Eric Zemmour qui, \u00e0 force de dire des horreurs \u2013 <a href=\"https:\/\/www.liberation.fr\/societe\/police-justice\/discours-essentialiste-eric-zemmour-condamne-pour-injure-raciale-dans-laffaire-de-crepol-20250326_MBIC77FGKNAT5BD67VP3ZGJNMU\/\" target=\"_blank\" rel=\"noopener\" title=\"https:\/\/www.liberation.fr\/societe\/police-justice\/discours-essentialiste-eric-zemmour-condamne-pour-injure-raciale-dans-laffaire-de-crepol-20250326_MBIC77FGKNAT5BD67VP3ZGJNMU\/\">et d\u2019\u00eatre condamn\u00e9 pour \u00e7a<\/a> \u2013 a permis \u00e0 d\u2019autres discours de se diffuser plus tranquillement. <\/p>\n<p class=\"sc-cPiKLX AiZTS text-element\">La gauche a \u00e9galement int\u00e9gr\u00e9 cette id\u00e9e, il \u00e9tait temps. Depuis des semaines, voire des mois, certains mart\u00e8lent qu\u2019il faut taxer les plus riches. Avec comme point d\u2019orgue <a href=\"https:\/\/www.liberation.fr\/economie\/impot-sur-les-ultrariches-la-taxe-zucman-en-six &lt;div style=\" clear:=\"\" both=\"\" target=\"_blank\" rel=\"noopener\"><\/p>\n","protected":false},"excerpt":{"rendered":"On vous a d\u00e9j\u00e0 parl\u00e9 ici du concept de la fen\u00eatre d\u2019Overton, cette gamme d\u2019id\u00e9es consid\u00e9r\u00e9es comme acceptables&hellip;\n","protected":false},"author":2,"featured_media":416411,"comment_status":"","ping_status":"","sticky":false,"template":"","format":"standard","meta":{"footnotes":""},"categories":[2],"tags":[11,1011,27,12,4393,429,25,52897],"class_list":{"0":"post-416410","1":"post","2":"type-post","3":"status-publish","4":"format-standard","5":"has-post-thumbnail","7":"category-actualites","8":"tag-actualites","9":"tag-fr","10":"tag-france","11":"tag-news","12":"tag-olivier-faure","13":"tag-ps","14":"tag-republique-francaise","15":"tag-taxe-zucman"},"share_on_mastodon":{"url":"https:\/\/pubeurope.com\/@fr\/115264794357500547","error":""},"_links":{"self":[{"href":"https:\/\/www.europesays.com\/fr\/wp-json\/wp\/v2\/posts\/416410","targetHints":{"allow":["GET"]}}],"collection":[{"href":"https:\/\/www.europesays.com\/fr\/wp-json\/wp\/v2\/posts"}],"about":[{"href":"https:\/\/www.europesays.com\/fr\/wp-json\/wp\/v2\/types\/post"}],"author":[{"embeddable":true,"href":"https:\/\/www.europesays.com\/fr\/wp-json\/wp\/v2\/users\/2"}],"replies":[{"embeddable":true,"href":"https:\/\/www.europesays.com\/fr\/wp-json\/wp\/v2\/comments?post=416410"}],"version-history":[{"count":0,"href":"https:\/\/www.europesays.com\/fr\/wp-json\/wp\/v2\/posts\/416410\/revisions"}],"wp:featuredmedia":[{"embeddable":true,"href":"https:\/\/www.europesays.com\/fr\/wp-json\/wp\/v2\/media\/416411"}],"wp:attachment":[{"href":"https:\/\/www.europesays.com\/fr\/wp-json\/wp\/v2\/media?parent=416410"}],"wp:term":[{"taxonomy":"category","embeddable":true,"href":"https:\/\/www.europesays.com\/fr\/wp-json\/wp\/v2\/categories?post=416410"},{"taxonomy":"post_tag","embeddable":true,"href":"https:\/\/www.europesays.com\/fr\/wp-json\/wp\/v2\/tags?post=416410"}],"curies":[{"name":"wp","href":"https:\/\/api.w.org\/{rel}","templated":true}]}}