{"id":416417,"date":"2025-09-25T11:58:13","date_gmt":"2025-09-25T11:58:13","guid":{"rendered":"https:\/\/www.europesays.com\/fr\/416417\/"},"modified":"2025-09-25T11:58:13","modified_gmt":"2025-09-25T11:58:13","slug":"une-star-de-la-f1-en-approche-avec-un-sacre-coup-de-tonnerre","status":"publish","type":"post","link":"https:\/\/www.europesays.com\/fr\/416417\/","title":{"rendered":"une star de la F1 en approche avec un sacr\u00e9 coup de tonnerre ?"},"content":{"rendered":"<p>Une star de la Formule 1 vers la MotoGP ? Il se pourrait bien qu&rsquo;un puissant coup de tonnerre retentisse concernant Christian Horner. L&rsquo;ancien boss de Red Bull, d\u00e9mis de ses fonctions en juillet dernier au sein de l&rsquo;\u00e9curie autrichienne, pourrait d\u00e9barquer dans l&rsquo;univers du MotoGP. Alors que le Britannique est au centre des rumeurs autour de son indemnit\u00e9 de d\u00e9part, qui serait de 100 millions de dollars d&rsquo;apr\u00e8s certains, il serait maintenant li\u00e9 \u00e0 une possible arriv\u00e9e en MotoGP.<\/p>\n<p>Horner vers le MotoGP ?<\/p>\n<p>D&rsquo;apr\u00e8s des sources du Daily Mail, l\u2019ancien grand patron de la F1, Bernie Ecclestone, a personnellement sugg\u00e9r\u00e9 le nom d&rsquo;Horner comme candidat \u00e0 la direction de la s\u00e9rie moto, r\u00e9cemment rachet\u00e9e par Liberty Media, propri\u00e9taire de la Formule 1. Mais alors qu&rsquo;Horner pourrait bien cr\u00e9er une \u00e9norme surprise en MotoGP, il semble que son avenir se destine toujours \u00e0 la Formule 1. Li\u00e9 \u00e0 des rumeurs d&rsquo;arriv\u00e9e chez Alpine ou Haas, l&rsquo;ancien boss de Red Bull n&rsquo;a pas encore pris la parole depuis son licenciement mais il pourrait revenir en F1 en 2026.<\/p>\n<p>Une source proche de l\u2019ancien directeur de Red Bull Racing a bien insist\u00e9 sur le fait que la priorit\u00e9 de Horner reste la Formule 1, confiant : \u00ab\u00a0Il n\u2019a pas la t\u00eate \u00e0 r\u00e9fl\u00e9chir directement \u00e0 sa prochaine \u00e9tape pour le moment. Il veut revenir dans le paddock de F1, mais il veut \u00e9valuer la meilleure fa\u00e7on d\u2019y parvenir. Il le fera. C\u2019est un bourreau de travail, donc rester assis \u00e0 ne rien faire n\u2019est pas ce qu\u2019il choisirait. En effet, il ne l\u2019a pas choisi. Cela lui est tomb\u00e9 dessus \u00e0 l\u2019improviste\u00a0\u00bb. L&rsquo;avenir de Christian Horner reste donc flou \u00e0 l&rsquo;heure actuelle mais le possible coup de tonnerre au niveau du MotoGP n&rsquo;est pas \u00e0 \u00e9carter.<\/p>\n<p>   Partagez cette info avec vos amis et vos proches en cliquant ici<br \/> Pour r\u00e9sumer<\/p>\n<p>Une star de la Formule 1 vers la MotoGP ? Il se pourrait bien qu&rsquo;un puissant coup de tonnerre retentisse concernant Christian Horner. L&rsquo;ancien boss de Red Bull, d\u00e9mis de ses fonctions en juillet dernier au sein de l&rsquo;\u00e9curie autrichienne, pourrait d\u00e9barquer dans l&rsquo;univers du MotoGP.<\/p>\n<p>R\u00e9dacteur<\/p>\n<p><img decoding=\"async\" width=\"76\" height=\"76\" loading=\"lazy\" src=\"https:\/\/www.europesays.com\/fr\/wp-content\/uploads\/2025\/06\/logo-victor-willems.jpg\" alt=\"Victor Willems\"\/><\/p>\n","protected":false},"excerpt":{"rendered":"Une star de la Formule 1 vers la MotoGP ? Il se pourrait bien qu&rsquo;un puissant coup de&hellip;\n","protected":false},"author":2,"featured_media":416418,"comment_status":"","ping_status":"","sticky":false,"template":"","format":"standard","meta":{"footnotes":""},"categories":[1413],"tags":[1011,27,1457,1456,60],"class_list":{"0":"post-416417","1":"post","2":"type-post","3":"status-publish","4":"format-standard","5":"has-post-thumbnail","7":"category-moto","8":"tag-fr","9":"tag-france","10":"tag-moto","11":"tag-motocycle","12":"tag-sports"},"share_on_mastodon":{"url":"https:\/\/pubeurope.com\/@fr\/115264822726805178","error":""},"_links":{"self":[{"href":"https:\/\/www.europesays.com\/fr\/wp-json\/wp\/v2\/posts\/416417","targetHints":{"allow":["GET"]}}],"collection":[{"href":"https:\/\/www.europesays.com\/fr\/wp-json\/wp\/v2\/posts"}],"about":[{"href":"https:\/\/www.europesays.com\/fr\/wp-json\/wp\/v2\/types\/post"}],"author":[{"embeddable":true,"href":"https:\/\/www.europesays.com\/fr\/wp-json\/wp\/v2\/users\/2"}],"replies":[{"embeddable":true,"href":"https:\/\/www.europesays.com\/fr\/wp-json\/wp\/v2\/comments?post=416417"}],"version-history":[{"count":0,"href":"https:\/\/www.europesays.com\/fr\/wp-json\/wp\/v2\/posts\/416417\/revisions"}],"wp:featuredmedia":[{"embeddable":true,"href":"https:\/\/www.europesays.com\/fr\/wp-json\/wp\/v2\/media\/416418"}],"wp:attachment":[{"href":"https:\/\/www.europesays.com\/fr\/wp-json\/wp\/v2\/media?parent=416417"}],"wp:term":[{"taxonomy":"category","embeddable":true,"href":"https:\/\/www.europesays.com\/fr\/wp-json\/wp\/v2\/categories?post=416417"},{"taxonomy":"post_tag","embeddable":true,"href":"https:\/\/www.europesays.com\/fr\/wp-json\/wp\/v2\/tags?post=416417"}],"curies":[{"name":"wp","href":"https:\/\/api.w.org\/{rel}","templated":true}]}}