{"id":416423,"date":"2025-09-25T12:01:12","date_gmt":"2025-09-25T12:01:12","guid":{"rendered":"https:\/\/www.europesays.com\/fr\/416423\/"},"modified":"2025-09-25T12:01:12","modified_gmt":"2025-09-25T12:01:12","slug":"aulas-salue-le-sauvetage-de-kang","status":"publish","type":"post","link":"https:\/\/www.europesays.com\/fr\/416423\/","title":{"rendered":"Aulas salue le sauvetage de Kang"},"content":{"rendered":"<p>                            <img width=\"770\" height=\"433\" src=\"https:\/\/www.europesays.com\/fr\/wp-content\/uploads\/2025\/09\/46a3d16e1a1acabb32cf384c81a59e0d7abfb975-770x433.jpg\" class=\"attachment-article size-article wp-post-image\" alt=\"Michele Kang et Jean-Michel Aulas lors d'un match de l'OL\" decoding=\"async\" fetchpriority=\"high\"  \/><\/p>\n<p>Michele Kang et Jean-Michel Aulas lors d\u2019un match de l\u2019OL (AFP)<\/p>\n<p>Ancien pr\u00e9sident, Jean-Michel Aulas a particuli\u00e8rement mal v\u00e9cu les derniers mois mouvement\u00e9 de l\u2019OL. L\u2019ancien pr\u00e9sident salue la sagesse de Michele Kang, qui a su s\u2019entourer des bonnes personnes.<\/p>\n<p>L\u2019OL troisi\u00e8me de Ligue 1 apr\u00e8s cinq journ\u00e9es et \u00e0 \u00e9galit\u00e9 avec <strong>Monaco<\/strong> et le <strong>PSG<\/strong>, qui aurait pu miser dessus il y a encore quelques semaines ? Personne et \u00e0 raison, puisque le club lyonnais \u00e9tait avant tout amen\u00e9 \u00e0 concourir en Ligue 2, si ce n\u2019est pire. La faute \u00e0 la d\u00e9cision de la DNCG le 24 juin dernier et \u00e0 l\u2019\u00e9ni\u00e8me oral rat\u00e9 de John <strong><a href=\"https:\/\/www.olympique-et-lyonnais.com\/ballon-dor-john-textor-de-retour-en-france-pour-botafogo,380988.html\" target=\"_blank\" rel=\"noopener\">Textor<\/a><\/strong>. Cette sanction a eu un effet positif, car cela a permis de mettre l\u2019Am\u00e9ricain (presque) hors-jeu apr\u00e8s trois ans \u00e0 faire des tours de passe-passe jusqu\u2019\u00e0 amener l\u2019OL \u00e0 sa perte.<\/p>\n<p>L\u2019apr\u00e8s-Aulas n\u2019a pas eu le succ\u00e8s escompt\u00e9, au grand dam de l\u2019ancien pr\u00e9sident, qui s\u2019\u00e9tait vu forcer la main pour vendre suite aux volont\u00e9s d\u2019IDG Capital et Path\u00e9.\u00a0\u00ab\u00a0L\u2019OL dans le caniveau \u00e0 cause de Textor ? Je vous laisse la formule, la responsabilit\u00e9 de la formule, mais la responsabilit\u00e9 de John dans sa gestion, on va dire, multiclubs et surtout sans finance propre, parce que initialement quand il a \u00e9t\u00e9 choisi par la banque Raine, parce qu\u2019en fait tout a \u00e9t\u00e9 mont\u00e9 par une banque am\u00e9ricaine,\u00a0a d\u00e9clar\u00e9 &lsquo;JMA&rsquo; dans l\u2019After Foot de RMC mardi soir.\u00a0C\u2019est \u00e7a qui n\u2019a jamais \u00e9t\u00e9 dit par personne. La banque Raine avait trouv\u00e9 avec John un investisseur qui avait des garanties de 680 millions. Cet investisseur n\u2019est jamais venu et on le conna\u00eet puisque c\u2019est lui qui a rachet\u00e9 le club avec lequel mon ami Ferry de Lorient a pass\u00e9 un accord.\u00a0\u00bb<\/p>\n<p>\u00ab\u00a0Elle a su s&rsquo;entourer des bonnes personnes\u00a0\u00bb<\/p>\n<p>Oblig\u00e9 de bricoler et de vendre les bijoux de famille comme l\u2019Arena, qui est retourn\u00e9e dans le giron <strong>Aulas<\/strong>, John <strong>Textor<\/strong> n\u2019a pas r\u00e9ussi \u00e0 garder l\u2019OL tout en haut de l\u2019affiche. Bien au contraire, et la situation d\u2019urgence du 24 juin a donc pouss\u00e9 \u00e0 un changement de pr\u00e9sidence avec Michele <strong>Kang<\/strong>. La partenaire de l\u2019Am\u00e9ricain a quitt\u00e9 son r\u00f4le d\u2019actionnaire pour devenir la nouvelle pr\u00e9sidente de l\u2019OL. Une nomination salvatrice puisque le club a arrach\u00e9 son maintien dans l\u2019\u00e9lite suite \u00e0 un passage r\u00e9ussi en appel devant la DNCG.<\/p>\n<p>Gr\u00e2ce \u00e0 Kang, mais aussi Ares et certains actionnaires, l\u2019OL a sauv\u00e9 les meubles comme il le pouvait.\u00a0\u00ab\u00a0Michele Kang, qui \u00e9tait parmi les premiers investisseurs de John Textor, s\u2019est dit \u00ab\u00a0je ne peux pas laisser cette situation telle qu\u2019elle est\u00a0\u00bb, elle avait d\u00e9j\u00e0 beaucoup investi dans le foot f\u00e9minin, et elle a convaincu Ar\u00e8s, qui est l\u2019un des plus grands fonds financiers mondiaux. (\u2026) Elle a accept\u00e9 de faire ce que John n\u2019avait jamais voulu faire, c\u2019est-\u00e0-dire reprendre les gens qui faisaient tourner l\u2019OL avant. Bon, moi, on m\u2019a appel\u00e9 pour aller convaincre Thierry Sauvage de revenir.\u00a0\u00bb<\/p>\n<p>Une aide loin d\u2019\u00eatre superficielle puisque l\u2019ancien directeur g\u00e9n\u00e9ral continue d\u2019\u0153uvre de fa\u00e7on quasi hebdomadaire avec l\u2019OL pour retrouver une certaine s\u00e9r\u00e9nit\u00e9 financi\u00e8re.<\/p>\n","protected":false},"excerpt":{"rendered":"Michele Kang et Jean-Michel Aulas lors d\u2019un match de l\u2019OL (AFP) Ancien pr\u00e9sident, Jean-Michel Aulas a particuli\u00e8rement mal&hellip;\n","protected":false},"author":2,"featured_media":416424,"comment_status":"","ping_status":"","sticky":false,"template":"","format":"standard","meta":{"footnotes":""},"categories":[1410],"tags":[63,1011,27,66,241,978,60],"class_list":{"0":"post-416423","1":"post","2":"type-post","3":"status-publish","4":"format-standard","5":"has-post-thumbnail","7":"category-football","8":"tag-football","9":"tag-fr","10":"tag-france","11":"tag-ligue-1","12":"tag-ol","13":"tag-olympique-lyonnais","14":"tag-sports"},"share_on_mastodon":{"url":"https:\/\/pubeurope.com\/@fr\/115264834182118964","error":""},"_links":{"self":[{"href":"https:\/\/www.europesays.com\/fr\/wp-json\/wp\/v2\/posts\/416423","targetHints":{"allow":["GET"]}}],"collection":[{"href":"https:\/\/www.europesays.com\/fr\/wp-json\/wp\/v2\/posts"}],"about":[{"href":"https:\/\/www.europesays.com\/fr\/wp-json\/wp\/v2\/types\/post"}],"author":[{"embeddable":true,"href":"https:\/\/www.europesays.com\/fr\/wp-json\/wp\/v2\/users\/2"}],"replies":[{"embeddable":true,"href":"https:\/\/www.europesays.com\/fr\/wp-json\/wp\/v2\/comments?post=416423"}],"version-history":[{"count":0,"href":"https:\/\/www.europesays.com\/fr\/wp-json\/wp\/v2\/posts\/416423\/revisions"}],"wp:featuredmedia":[{"embeddable":true,"href":"https:\/\/www.europesays.com\/fr\/wp-json\/wp\/v2\/media\/416424"}],"wp:attachment":[{"href":"https:\/\/www.europesays.com\/fr\/wp-json\/wp\/v2\/media?parent=416423"}],"wp:term":[{"taxonomy":"category","embeddable":true,"href":"https:\/\/www.europesays.com\/fr\/wp-json\/wp\/v2\/categories?post=416423"},{"taxonomy":"post_tag","embeddable":true,"href":"https:\/\/www.europesays.com\/fr\/wp-json\/wp\/v2\/tags?post=416423"}],"curies":[{"name":"wp","href":"https:\/\/api.w.org\/{rel}","templated":true}]}}