{"id":416427,"date":"2025-09-25T12:03:20","date_gmt":"2025-09-25T12:03:20","guid":{"rendered":"https:\/\/www.europesays.com\/fr\/416427\/"},"modified":"2025-09-25T12:03:20","modified_gmt":"2025-09-25T12:03:20","slug":"le-plein-dobjectifs-au-photo-club-de-vrines","status":"publish","type":"post","link":"https:\/\/www.europesays.com\/fr\/416427\/","title":{"rendered":"le plein d&rsquo;objectifs au Photo club de Vrines"},"content":{"rendered":"<p>Le 19\u00a0septembre 2025, le Photo club de Vrines a tenu son assembl\u00e9e g\u00e9n\u00e9rale dans des locaux fra\u00eechement remis en \u00e9tat par Azur propret\u00e9. Une quinzaine de membres \u00e9taient pr\u00e9sents et ont \u00e9t\u00e9 rejoints en cours de r\u00e9union par Bruno Laheux, maire d\u00e9l\u00e9gu\u00e9 de Sainte-Radegonde. Le pr\u00e9sident, Alain Le Bec, a pr\u00e9sent\u00e9 le bilan moral de l\u2019ann\u00e9e \u00e9coul\u00e9e ainsi qu\u2019un r\u00e9sultat comptable \u00e0 l\u2019\u00e9quilibre. Q&#8230; <\/p>\n<p>    Cet article a \u00e9t\u00e9 tronqu\u00e9. Abonnez-vous pour lire l&rsquo;article complet sur notre site.<\/p>\n<p style=\"margin: 0 !important; padding: 0 !important; font-size: 12px !important;\">Cet article a \u00e9t\u00e9 tronqu\u00e9. Abonnez-vous pour lire l&rsquo;article complet.<\/p>\n<p>    <a href=\"https:\/\/www.lanouvellerepublique.fr\/abonnements\" style=\"display: inline-block; margin-top: 5px !important; padding: 6px 12px !important; background: #cb1c27; color: white; text-decoration: none; border-radius: 4px; font-size: 12px !important;\" rel=\"nofollow noopener\" target=\"_blank\"><br \/>\n      S&rsquo;abonner<br \/>\n    <\/a><\/p>\n","protected":false},"excerpt":{"rendered":"Le 19\u00a0septembre 2025, le Photo club de Vrines a tenu son assembl\u00e9e g\u00e9n\u00e9rale dans des locaux fra\u00eechement remis&hellip;\n","protected":false},"author":2,"featured_media":416428,"comment_status":"","ping_status":"","sticky":false,"template":"","format":"standard","meta":{"footnotes":""},"categories":[1358],"tags":[1348,1384,1385,1674,1386,58,59,1011,27,1393,2665],"class_list":{"0":"post-416427","1":"post","2":"type-post","3":"status-publish","4":"format-standard","5":"has-post-thumbnail","7":"category-arts-et-design","8":"tag-arts","9":"tag-arts-and-design","10":"tag-arts-et-design","11":"tag-communes","12":"tag-design","13":"tag-divertissement","14":"tag-entertainment","15":"tag-fr","16":"tag-france","17":"tag-loisirs","18":"tag-thouars"},"share_on_mastodon":{"url":"https:\/\/pubeurope.com\/@fr\/115264841672925041","error":""},"_links":{"self":[{"href":"https:\/\/www.europesays.com\/fr\/wp-json\/wp\/v2\/posts\/416427","targetHints":{"allow":["GET"]}}],"collection":[{"href":"https:\/\/www.europesays.com\/fr\/wp-json\/wp\/v2\/posts"}],"about":[{"href":"https:\/\/www.europesays.com\/fr\/wp-json\/wp\/v2\/types\/post"}],"author":[{"embeddable":true,"href":"https:\/\/www.europesays.com\/fr\/wp-json\/wp\/v2\/users\/2"}],"replies":[{"embeddable":true,"href":"https:\/\/www.europesays.com\/fr\/wp-json\/wp\/v2\/comments?post=416427"}],"version-history":[{"count":0,"href":"https:\/\/www.europesays.com\/fr\/wp-json\/wp\/v2\/posts\/416427\/revisions"}],"wp:featuredmedia":[{"embeddable":true,"href":"https:\/\/www.europesays.com\/fr\/wp-json\/wp\/v2\/media\/416428"}],"wp:attachment":[{"href":"https:\/\/www.europesays.com\/fr\/wp-json\/wp\/v2\/media?parent=416427"}],"wp:term":[{"taxonomy":"category","embeddable":true,"href":"https:\/\/www.europesays.com\/fr\/wp-json\/wp\/v2\/categories?post=416427"},{"taxonomy":"post_tag","embeddable":true,"href":"https:\/\/www.europesays.com\/fr\/wp-json\/wp\/v2\/tags?post=416427"}],"curies":[{"name":"wp","href":"https:\/\/api.w.org\/{rel}","templated":true}]}}