{"id":416429,"date":"2025-09-25T12:04:16","date_gmt":"2025-09-25T12:04:16","guid":{"rendered":"https:\/\/www.europesays.com\/fr\/416429\/"},"modified":"2025-09-25T12:04:16","modified_gmt":"2025-09-25T12:04:16","slug":"70-ans-de-la-ligue-des-champions","status":"publish","type":"post","link":"https:\/\/www.europesays.com\/fr\/416429\/","title":{"rendered":"70 ans de la Ligue des Champions"},"content":{"rendered":"<p>Alors que l\u2019\u00e9dition 2025-2026 vient \u00e0 peine de d\u00e9buter et que le\u00a0<a href=\"https:\/\/www.republicain-lorrain.fr\/sport\/2025\/05\/31\/la-consecration-du-psg-qui-remporte-la-premiere-ligue-des-champions-de-son-histoire\" target=\"_blank\" rel=\"noopener\">sacre historique du PSG<\/a> est encore sur toutes les l\u00e8vres \u2013 d\u2019autant plus avec <a href=\"https:\/\/www.republicain-lorrain.fr\/sport\/2025\/09\/22\/ballon-d-or-ousmane-dembele-le-sacre-de-l-anti-star\" target=\"_blank\" rel=\"noopener\">le Ballon d\u2019Or r\u00e9cemment d\u00e9cern\u00e9 \u00e0 Ousmane Demb\u00e9l\u00e9<\/a> \u2013, Nicolas Gettliffe vous propose un d\u00e9licieux et tr\u00e8s instructif voyage dans le temps.<\/p>\n<p>Un livre d\u2019histoire(s) pas comme les autres qui retrace 70 ans d\u2019une comp\u00e9tition \u00e0 part. Un livre de g\u00e9ographie aussi puisqu\u2019il vous permettra de vous \u00e9vader aux quatre coins de l\u2019Europe, de Bucarest \u00e0 Nicosie en passant par Malm\u00f6, Bergame, Stuttgart ou encore Cardiff. Liste non exhaustive.<\/p>\n<p>Cet ouvrage, illustr\u00e9 de tr\u00e8s nombreuses photos, est surtout l\u2019occasion de revivre les plus belles heures de la Ligue des Champions, une comp\u00e9tition qui a vu le jour en 1955 sous l\u2019appellation Coupe d\u2019Europe des Clubs Champions. Le Stade de Reims d\u2019un certain Raymond Kopa sera d\u2019ailleurs finaliste de la premi\u00e8re \u00e9dition (d\u00e9j\u00e0) domin\u00e9e par le Real Madrid\u2026<\/p>\n<p>  Exploits, rat\u00e9s, stars, clubs l\u00e9gendaires\u2026<\/p>\n<p>Saison apr\u00e8s saison, l\u2019auteur passe au crible les plus beaux moments de cette C1 qui fait tant r\u00eaver. En plus d\u2019un r\u00e9cit aussi passionn\u00e9 que passionnant, chaque \u00e9dition est accompagn\u00e9e d\u2019un tableau r\u00e9capitulatif du dernier carr\u00e9 et de la finale ainsi qu\u2019une tr\u00e8s pertinente rubrique intitul\u00e9e \u00ab\u00a0et pendant ce temps-l\u00e0\u2026\u00a0\u00bb qui permet de replacer l\u2019\u00e9v\u00e9nement sportif dans l\u2019actualit\u00e9 du moment\u2026<\/p>\n<p>Mais l\u2019essentiel est \u00e9videmment d\u00e9di\u00e9 au football, aux exploits inattendus, aux rat\u00e9s magnifiques, \u00e0 l\u2019\u00e9closion de futurs talents \u2013 d\u2019Alfredo Di St\u00e9phano \u00e0 Lionel Messi en passant par Johan Cruyff et Cristiano Ronaldo, entre autres \u2013, et aux \u00e9quipes l\u00e9gendaires du Vieux Continent telles que le Real Madrid, le Milan AC, Liverpool, Manchester United ou encore le Bayern Munich.<\/p>\n<p>Il y est bien entendu \u00e9galement question des clubs fran\u00e7ais, du Stade de Reims, de Saint-Etienne, de Bordeaux, Lyon ou Monaco sans oublier l\u2019Olympique de Marseille vainqueur en 1993 \u2013 et \u00e0 jamais le premier \u2013 ainsi que du Paris Saint-Germain qui a enfin incrit son nom au palmar\u00e8s le 31 mai dernier\u2026<\/p>\n<p>70 ans de la Ligue des Champions de <a href=\"https:\/\/www.talenteditions.fr\/auteur\/nicolas-gettliffe\/\" target=\"_blank\" rel=\"noopener\">Nicolas Gettliffe<\/a> (pr\u00e9face de Ludovic Giuly), <a href=\"https:\/\/www.talenteditions.fr\/livres-sport\/\" target=\"_blank\" rel=\"noopener\">Talent Sport<\/a>, 205 pages, 34,90 euros<\/p>\n","protected":false},"excerpt":{"rendered":"Alors que l\u2019\u00e9dition 2025-2026 vient \u00e0 peine de d\u00e9buter et que le\u00a0sacre historique du PSG est encore sur&hellip;\n","protected":false},"author":2,"featured_media":416430,"comment_status":"","ping_status":"","sticky":false,"template":"","format":"standard","meta":{"footnotes":""},"categories":[1357],"tags":[1379,1687,58,59,107,1701,63,1011,27,329,1380,2410,517,1947],"class_list":{"0":"post-416429","1":"post","2":"type-post","3":"status-publish","4":"format-standard","5":"has-post-thumbnail","7":"category-livres","8":"tag-books","9":"tag-culture-loisirs","10":"tag-divertissement","11":"tag-entertainment","12":"tag-fil-info","13":"tag-fil-info-sport","14":"tag-football","15":"tag-fr","16":"tag-france","17":"tag-france-monde","18":"tag-livres","19":"tag-livres-bd","20":"tag-sport","21":"tag-sport-national"},"share_on_mastodon":{"url":"https:\/\/pubeurope.com\/@fr\/115264845580012128","error":""},"_links":{"self":[{"href":"https:\/\/www.europesays.com\/fr\/wp-json\/wp\/v2\/posts\/416429","targetHints":{"allow":["GET"]}}],"collection":[{"href":"https:\/\/www.europesays.com\/fr\/wp-json\/wp\/v2\/posts"}],"about":[{"href":"https:\/\/www.europesays.com\/fr\/wp-json\/wp\/v2\/types\/post"}],"author":[{"embeddable":true,"href":"https:\/\/www.europesays.com\/fr\/wp-json\/wp\/v2\/users\/2"}],"replies":[{"embeddable":true,"href":"https:\/\/www.europesays.com\/fr\/wp-json\/wp\/v2\/comments?post=416429"}],"version-history":[{"count":0,"href":"https:\/\/www.europesays.com\/fr\/wp-json\/wp\/v2\/posts\/416429\/revisions"}],"wp:featuredmedia":[{"embeddable":true,"href":"https:\/\/www.europesays.com\/fr\/wp-json\/wp\/v2\/media\/416430"}],"wp:attachment":[{"href":"https:\/\/www.europesays.com\/fr\/wp-json\/wp\/v2\/media?parent=416429"}],"wp:term":[{"taxonomy":"category","embeddable":true,"href":"https:\/\/www.europesays.com\/fr\/wp-json\/wp\/v2\/categories?post=416429"},{"taxonomy":"post_tag","embeddable":true,"href":"https:\/\/www.europesays.com\/fr\/wp-json\/wp\/v2\/tags?post=416429"}],"curies":[{"name":"wp","href":"https:\/\/api.w.org\/{rel}","templated":true}]}}