{"id":416431,"date":"2025-09-25T12:05:11","date_gmt":"2025-09-25T12:05:11","guid":{"rendered":"https:\/\/www.europesays.com\/fr\/416431\/"},"modified":"2025-09-25T12:05:11","modified_gmt":"2025-09-25T12:05:11","slug":"jimmy-kimmel-cloue-le-bec-de-donald-trump-en-battant-plusieurs-records-daudience-sur-abc","status":"publish","type":"post","link":"https:\/\/www.europesays.com\/fr\/416431\/","title":{"rendered":"Jimmy Kimmel cloue le bec de Donald Trump en battant plusieurs records d\u2019audience sur ABC"},"content":{"rendered":"\n<p> La lecture de ce contenu est susceptible d\u2019entra\u00eener un d\u00e9p\u00f4t de cookies de la part de l\u2019op\u00e9rateur tiers qui l\u2019h\u00e9berge. Compte-tenu des choix que vous avez exprim\u00e9s en mati\u00e8re de d\u00e9p\u00f4t de cookies, nous avons bloqu\u00e9 l\u2019affichage de ce contenu. Si vous souhaitez y acc\u00e9der, vous devez accepter la cat\u00e9gorie de cookies \u201cContenus tiers\u201d en cliquant sur le bouton ci-dessous. <\/p>\n<p> Lire la Vid\u00e9o              <\/p>\n<p class=\"asset asset-text\">M\u00c9DIAS &#8211; Et toc. Au lendemain du <a href=\"https:\/\/www.huffingtonpost.fr\/medias\/video\/jimmy-kimmel-ne-retient-pas-ses-coups-contre-donald-trump-pour-son-retour-a-l-antenne-sur-abc_255182.html\" target=\"_blank\" rel=\"noopener\">retour \u00e0 l\u2019antenne de l\u2019humoriste Jimmy Kimmel<\/a>, l\u2019heure est au bilan, et il ne va pas r\u00e9jouir Donald Trump. La suspension du pr\u00e9sentateur am\u00e9ricain vedette avait suscit\u00e9 des d\u00e9bats houleux sur les <a href=\"https:\/\/www.huffingtonpost.fr\/international\/article\/jimmy-kimmel-est-de-retour-mais-avec-donald-trump-au-pouvoir-le-plus-dur-est-sans-doute-a-venir_255149.html\" target=\"_blank\" rel=\"noopener\">pressions de l\u2019administration Trump<\/a> envers les m\u00e9dias. Son retour sur ABC a enregistr\u00e9 un score d\u2019audience plus connu depuis dix ans pour son Jimmy Kimmel Live\u00a0!, avec 6,2\u00a0millions de t\u00e9l\u00e9spectateurs. Et ce n\u2019est pas tout.<\/p>\n<p class=\"asset asset-text\">Jimmy Kimmel est revenu \u00e0 l\u2019antenne mardi soir, et son intervention apr\u00e8s une semaine de suspension \u00e9tait tr\u00e8s attendue. Lors de son monologue d\u2019ouverture (<strong>voir la vid\u00e9o en t\u00eate d\u2019article<\/strong>), il n\u2019a pas retenu ses coups contre le pr\u00e9sident am\u00e9ricain, responsable en coulisses de son \u00e9viction temporaire, plaisantant notamment\u00a0: \u00ab\u00a0Donald Trump devra peut-\u00eatre divulguer\u00a0<a href=\"https:\/\/www.huffingtonpost.fr\/international\/article\/jeffrey-epstein-trump-reagit-pour-la-premiere-fois-apres-la-revelation-de-lettre-obscene_254650.html\" target=\"_blank\" rel=\"noopener\">les dossiers Epstein<\/a>\u00a0pour nous distraire de cette affaire maintenant\u00a0\u00bb.<\/p>\n<p class=\"asset asset-text\">Son retour a donc offert \u00e0 son \u00e9mission une audience record, alors que Donald Trump avait argument\u00e9 sur Truth Social que sa suspension \u00e9tait surtout due&#8230; \u00e0 ses mauvaises audiences. Au total, les plus de 6\u00a0millions de t\u00e9l\u00e9spectateurs qui ont suivi en direct le talk-show de fin de soir\u00e9e ont \u00e9t\u00e9 trois fois plus nombreux que d\u2019habitude. Paradoxe s\u2019il en est, Disney (propri\u00e9taire d\u2019ABC et d\u00e9cisionnaire de la suspension) s\u2019est fendu d\u2019un communiqu\u00e9 pour annoncer ce record d\u2019audience \u00ab\u00a0depuis plus de 10\u00a0ans\u00a0\u00bb.<\/p>\n<p class=\"asset asset-text\">Un chiffre d\u2019autant plus impressionnant qu\u2019en raison de la d\u00e9cision du groupe Sinclair, l\u2019\u00e9mission n\u2019a pas \u00e9t\u00e9 diffus\u00e9e par pr\u00e8s de 25\u00a0% des cha\u00eenes locales du pays, qui continuent de boycotter l\u2019humoriste. Autres chiffre de taille\u00a0: plus de 26\u00a0millions de personnes ont aussi regard\u00e9 le monologue d\u2019ouverture de Jimmy Kimmel sur les r\u00e9seaux sociaux.<\/p>\n<p>                     Jimmy Kimmel explose son record sur YouTube       <\/p>\n<p class=\"asset asset-text\">Enfin, sur la cha\u00eene YouTube du Jimmy Kimmel Live\u00a0! qui propose des segments de l\u2019\u00e9mission d\u00e9coup\u00e9e chaque soir, le talk-show du 23\u00a0septembre a explos\u00e9 les compteurs. La vid\u00e9o du monologue &#8211; qui dure pr\u00e8s de 30\u00a0minutes &#8211; a \u00e9t\u00e9 vue plus de 21\u00a0millions de fois depuis sa mise en ligne. Un score qui continue d\u2019augmenter heure apr\u00e8s heure. Jamais jusqu\u2019ici le monologue prononc\u00e9 par Jimmy Kimmel n\u2019avait enregistr\u00e9 un tel nombre de vues. Le record \u00e9tait pr\u00e9c\u00e9demment d\u00e9tenu par une vid\u00e9o de 2017\u00a0dans laquelle l\u2019humoriste se confiait sur la naissance de son fils souffrant d\u2019une malformation cardiaque.<\/p>\n<p class=\"asset asset-text\">La suspension de Jimmy Kimmel avait \u00e9t\u00e9 act\u00e9e la semaine derni\u00e8re apr\u00e8s une remarque de l\u2019animateur concernant le meurtre de l\u2019influenceur ultraconservateur Charlie Kirk et l\u2019utilisation du drame par le clan MAGA. Donald Trump avait imm\u00e9diatement salu\u00e9 sur les r\u00e9seaux sociaux une \u00ab\u00a0grande nouvelle pour l\u2019Am\u00e9rique\u00a0\u00bb, tout en appelant la cha\u00eene NBC \u00e0 suspendre \u00e0 son tour Jimmy Fallon et Seth Meyers. La d\u00e9cision de suspendre Jimmy Kimmel avait d\u00e9clench\u00e9 une vague de protestation de la part des autres animateurs de talk-shows, de c\u00e9l\u00e9brit\u00e9s et de t\u00e9l\u00e9spectateurs anonymes. Robert de Niro lui-m\u00eame avait particip\u00e9 au retour de Jimmy Kimmel sur ABC en incarnant dans un sketch le patron de la FCC (l\u2019organe am\u00e9ricain de r\u00e9gulation des m\u00e9dias) soumis au bon vouloir de Donald Trump.<\/p>\n<p class=\"asset asset-text\">Jimmy Kimmel s\u2019est en tout cas r\u00e9joui de l\u2019audience r\u00e9alis\u00e9e par son \u00e9mission. \u00ab\u00a0Il a fait de son mieux pour me faire annuler. Au lieu de cela, il a forc\u00e9 des millions de personnes \u00e0 regarder l\u2019\u00e9mission. Cela s\u2019est retourn\u00e9 contre lui de fa\u00e7on \u00e9norme\u00a0\u00bb, a-t-il ironis\u00e9.<\/p>\n","protected":false},"excerpt":{"rendered":"La lecture de ce contenu est susceptible d\u2019entra\u00eener un d\u00e9p\u00f4t de cookies de la part de l\u2019op\u00e9rateur tiers&hellip;\n","protected":false},"author":2,"featured_media":416432,"comment_status":"","ping_status":"","sticky":false,"template":"","format":"standard","meta":{"footnotes":""},"categories":[1356],"tags":[251,58,75,59,73,1011,27,14,39997,500,252,1364],"class_list":{"0":"post-416431","1":"post","2":"type-post","3":"status-publish","4":"format-standard","5":"has-post-thumbnail","7":"category-television","8":"tag-culture","9":"tag-divertissement","10":"tag-donald-trump","11":"tag-entertainment","12":"tag-etats-unis","13":"tag-fr","14":"tag-france","15":"tag-international","16":"tag-jimmy-kimmel","17":"tag-medias","18":"tag-television","19":"tag-tv"},"share_on_mastodon":{"url":"https:\/\/pubeurope.com\/@fr\/115264849583007424","error":""},"_links":{"self":[{"href":"https:\/\/www.europesays.com\/fr\/wp-json\/wp\/v2\/posts\/416431","targetHints":{"allow":["GET"]}}],"collection":[{"href":"https:\/\/www.europesays.com\/fr\/wp-json\/wp\/v2\/posts"}],"about":[{"href":"https:\/\/www.europesays.com\/fr\/wp-json\/wp\/v2\/types\/post"}],"author":[{"embeddable":true,"href":"https:\/\/www.europesays.com\/fr\/wp-json\/wp\/v2\/users\/2"}],"replies":[{"embeddable":true,"href":"https:\/\/www.europesays.com\/fr\/wp-json\/wp\/v2\/comments?post=416431"}],"version-history":[{"count":0,"href":"https:\/\/www.europesays.com\/fr\/wp-json\/wp\/v2\/posts\/416431\/revisions"}],"wp:featuredmedia":[{"embeddable":true,"href":"https:\/\/www.europesays.com\/fr\/wp-json\/wp\/v2\/media\/416432"}],"wp:attachment":[{"href":"https:\/\/www.europesays.com\/fr\/wp-json\/wp\/v2\/media?parent=416431"}],"wp:term":[{"taxonomy":"category","embeddable":true,"href":"https:\/\/www.europesays.com\/fr\/wp-json\/wp\/v2\/categories?post=416431"},{"taxonomy":"post_tag","embeddable":true,"href":"https:\/\/www.europesays.com\/fr\/wp-json\/wp\/v2\/tags?post=416431"}],"curies":[{"name":"wp","href":"https:\/\/api.w.org\/{rel}","templated":true}]}}