{"id":416435,"date":"2025-09-25T12:07:23","date_gmt":"2025-09-25T12:07:23","guid":{"rendered":"https:\/\/www.europesays.com\/fr\/416435\/"},"modified":"2025-09-25T12:07:23","modified_gmt":"2025-09-25T12:07:23","slug":"beyond-the-spider-verse-soffre-encore-une-nouvelle-date-de-sortie","status":"publish","type":"post","link":"https:\/\/www.europesays.com\/fr\/416435\/","title":{"rendered":"Beyond the Spider-verse s&rsquo;offre (encore) une nouvelle date de sortie"},"content":{"rendered":"<p>Spider-Man beyond the Spider-verse n\u2019en finit plus de voir sa date de sortie repouss\u00e9e. Initialement promis \u00e0 une sortie en 2024, soit un an apr\u00e8s l\u2019incroyable twist du deuxi\u00e8me film de la saga. \u00c0 l\u2019\u00e9poque, Sony Pictures ambitionne d\u2019adopter le m\u00eame format que Marvel avec Endgame en proposant une conclusion en <strong>deux chapitres plut\u00f4t que deux films distincts. <\/strong><\/p>\n<p>N\u00e9anmoins, la production et le d\u00e9veloppement d\u2019une telle prouesse technique \u2014\u00a0 l\u2019animation de la saga est applaudie de toutes parts \u2014 demandent du temps. Alors que le rendez-vous \u00e9tait jusque maintenant pris pour le 25 juin 2027, le studio annonce un nouveau bouleversement du calendrier.<\/p>\n<p>La mauvaise nouvelle, une sortie en 2026 est toujours \u00e0 \u00e9carter. La bonne, le film arrivera une semaine plus t\u00f4t que pr\u00e9vu. <strong>C\u2019est maintenant le 18 juin (aux \u00c9tats-Unis)<\/strong>\u00a0que Beyond the Spider-verse est programm\u00e9. \u00c0 cette date, les spectateurs vont enfin pouvoir d\u00e9couvrir ce qu\u2019il advient de Miles Morales et de sa lutte contre les r\u00e8gles du multivers et Miguel OHara.<\/p>\n<p> Une comp\u00e9tition rude pour Pixar <\/p>\n<p>Ce changement, mineur, met n\u00e9anmoins Sony Animation en concurrence avec un autre studio majeur. En effet, <strong>la date du 18 juin est aussi celle choisie par Disney et Pixar<\/strong> pour pr\u00e9senter leur nouveau film original. Gatto est le nouveau film tout \u00e0 fait in\u00e9dit de la lampe bondissante, il sortira apr\u00e8s Toy Story 5 et juste avant <a href=\"https:\/\/www.journaldugeek.com\/2025\/03\/21\/pixar-surprend-son-monde-et-officialise-coco-2\/\" target=\"_blank\" rel=\"noopener\">Coco 2<\/a>.\u00a0 Si ces deux propositions ne devraient avoir aucun mal \u00e0 trouver leur public, leur popularit\u00e9 va attirer de nombreux spectateurs, Gatto ne pourra pas profiter d\u2019une telle r\u00e9putation pour faire des \u00e9mules.<\/p>\n<p>\u00c0 l\u2019heure o\u00f9 Pixar <a href=\"https:\/\/www.journaldugeek.com\/2025\/09\/23\/elio-est-un-carton-sur-disney-et-cest-un-vrai-probleme\/\" target=\"_blank\" rel=\"noopener\">\u00e9prouve des difficult\u00e9s<\/a> dans les salles obscures, Disney pourrait vouloir s\u2019\u00e9viter une trop grande concurrence avec un autre hit de l\u2019animation qui, lui, a surpass\u00e9 les attentes au box-office mondial.<\/p>\n<p> Une conclusion attendue de pied ferme <\/p>\n<p>Il faut maintenant esp\u00e9rer que <strong>Spider-Man beyond the Spider-verse<\/strong> se tienne \u00e0 ce nouveau calendrier. Le cas \u00e9ch\u00e9ant, quatre ans s\u00e9pareront le deuxi\u00e8me et le troisi\u00e8me opus de la saga. Pour rappel, <a href=\"https:\/\/www.journaldugeek.com\/2023\/06\/05\/spider-man-across-the-spider-verse-est-un-veritable-carton-sans-surprise\/\" target=\"_blank\" rel=\"noopener\">Across the Spider-verse<\/a> se terminait sur la r\u00e9v\u00e9lation de la v\u00e9ritable destin\u00e9e de Miles Morales en dehors de sa r\u00e9alit\u00e9. L\u2019adolescent n\u2019aurait jamais d\u00fb \u00eatre mordu par l\u2019araign\u00e9e radioactive et devenir le tisseur de toile.<\/p>\n<p>Il \u00e9tait promis \u00e0 <strong>enfiler le costume du R\u00f4deur<\/strong> comme son oncle. Miles doit aussi emp\u00eacher son <strong>\u201ccanon event\u201d<\/strong> d\u2019avoir lieu, \u00e0 savoir<strong> la mort de son p\u00e8re<\/strong>. Pour l\u2019aider dans cette mission, il pourra compter sur plusieurs autres Spider-Man ainsi que sur Gwen. <strong>Un myst\u00e9rieux alli\u00e9<\/strong> faisait aussi son apparition dans les derni\u00e8res secondes, mais son visage restait cach\u00e9. R\u00e9ponse le 18 juin 2027 aux \u00c9tats-Unis et sans doute<strong> le 16 en France.\u00a0<\/strong><\/p>\n<blockquote>\n<p class=\"text-base text-neutral-700 dark:text-neutral-300\">\ud83d\udfe3 Pour ne manquer aucune news sur le Journal du Geek, abonnez-vous sur <a href=\"https:\/\/news.google.com\/publications\/CAAqBwgKMNr_hAswwYyCAw?hl=fr&amp;gl=FR&amp;ceid=FR%3Afr\" target=\"_blank\" rel=\"noopener\">Google Actualit\u00e9s<\/a> et sur <a href=\"https:\/\/whatsapp.com\/channel\/0029VaClM5y4tRry12tb7D2h\" target=\"_blank\" rel=\"noopener\">notre WhatsApp<\/a>. Et si vous nous adorez, on a <a href=\"https:\/\/www.journaldugeek.com\/newsletter\/\" target=\"_blank\" rel=\"noopener\">une newsletter tous les matins<\/a>.<\/p>\n<\/blockquote>\n","protected":false},"excerpt":{"rendered":"Spider-Man beyond the Spider-verse n\u2019en finit plus de voir sa date de sortie repouss\u00e9e. Initialement promis \u00e0 une&hellip;\n","protected":false},"author":2,"featured_media":416436,"comment_status":"","ping_status":"","sticky":false,"template":"","format":"standard","meta":{"footnotes":""},"categories":[1354],"tags":[58,59,1346,1011,27,2135,1360,29716,54656],"class_list":{"0":"post-416435","1":"post","2":"type-post","3":"status-publish","4":"format-standard","5":"has-post-thumbnail","7":"category-films","8":"tag-divertissement","9":"tag-entertainment","10":"tag-films","11":"tag-fr","12":"tag-france","13":"tag-marvel","14":"tag-movies","15":"tag-sony-pictures","16":"tag-spider-man-beyond-the-spider-verse"},"share_on_mastodon":{"url":"https:\/\/pubeurope.com\/@fr\/115264857430468148","error":""},"_links":{"self":[{"href":"https:\/\/www.europesays.com\/fr\/wp-json\/wp\/v2\/posts\/416435","targetHints":{"allow":["GET"]}}],"collection":[{"href":"https:\/\/www.europesays.com\/fr\/wp-json\/wp\/v2\/posts"}],"about":[{"href":"https:\/\/www.europesays.com\/fr\/wp-json\/wp\/v2\/types\/post"}],"author":[{"embeddable":true,"href":"https:\/\/www.europesays.com\/fr\/wp-json\/wp\/v2\/users\/2"}],"replies":[{"embeddable":true,"href":"https:\/\/www.europesays.com\/fr\/wp-json\/wp\/v2\/comments?post=416435"}],"version-history":[{"count":0,"href":"https:\/\/www.europesays.com\/fr\/wp-json\/wp\/v2\/posts\/416435\/revisions"}],"wp:featuredmedia":[{"embeddable":true,"href":"https:\/\/www.europesays.com\/fr\/wp-json\/wp\/v2\/media\/416436"}],"wp:attachment":[{"href":"https:\/\/www.europesays.com\/fr\/wp-json\/wp\/v2\/media?parent=416435"}],"wp:term":[{"taxonomy":"category","embeddable":true,"href":"https:\/\/www.europesays.com\/fr\/wp-json\/wp\/v2\/categories?post=416435"},{"taxonomy":"post_tag","embeddable":true,"href":"https:\/\/www.europesays.com\/fr\/wp-json\/wp\/v2\/tags?post=416435"}],"curies":[{"name":"wp","href":"https:\/\/api.w.org\/{rel}","templated":true}]}}