{"id":416441,"date":"2025-09-25T12:10:11","date_gmt":"2025-09-25T12:10:11","guid":{"rendered":"https:\/\/www.europesays.com\/fr\/416441\/"},"modified":"2025-09-25T12:10:11","modified_gmt":"2025-09-25T12:10:11","slug":"jimmy-kimmel-dont-laudience-a-explose-pour-son-retour-a-la-television-recoit-le-soutien-de-lanimateur-joe-rogan","status":"publish","type":"post","link":"https:\/\/www.europesays.com\/fr\/416441\/","title":{"rendered":"Jimmy Kimmel, dont l\u2019audience a explos\u00e9 pour son retour \u00e0 la t\u00e9l\u00e9vision, re\u00e7oit le soutien de l\u2019animateur Joe Rogan"},"content":{"rendered":"<p>Le retour de b\u00e2ton est spectaculaire\u00a0: <a href=\"https:\/\/www.20minutes.fr\/dossier\/jimmy_kimmel\" class=\"c-link c-link--is-underlined\" target=\"_blank\" rel=\"noopener\">L\u2019humoriste Jimmy Kimmel<\/a>, dont la suspension a provoqu\u00e9 des d\u00e9bats houleux sur les <a href=\"https:\/\/www.20minutes.fr\/arts-stars\/people\/4174078-20250919-barack-obama-denonce-derive-dangereuse-administration-trump-apres-eviction-jimmy-kimmel\" class=\"c-link c-link--is-underlined\" target=\"_blank\" rel=\"noopener\">pressions de l\u2019administration Trump envers les m\u00e9dias<\/a>, a enregistr\u00e9 une explosion de son <a href=\"https:\/\/www.20minutes.fr\/arts-stars\/television\/audiences_tv\/\" class=\"c-link c-link--is-underlined\" target=\"_blank\" rel=\"noopener\">audience <\/a>avec 6,2\u00a0millions de t\u00e9l\u00e9spectateurs pour son retour \u00e0 la t\u00e9l\u00e9vision, selon des chiffres publi\u00e9s mercredi 24\u00a0septembre 2025.<\/p>\n<\/p>\n<p>Apr\u00e8s une semaine d\u2019interruption, <a href=\"https:\/\/www.20minutes.fr\/monde\/etats-unis\/4174621-20250922-etats-unis-apres-suspension-emission-jimmy-kimmel-fera-grand-retour-tele-americaine-mardi\" class=\"c-link c-link--is-underlined\" target=\"_blank\" rel=\"noopener\">l\u2019animateur est en effet revenu \u00e0 l\u2019antenne<\/a>, en soir\u00e9e du mardi 23\u00a0septembre, et en a profit\u00e9 pour faire un pied de nez au pr\u00e9sident am\u00e9ricain, qui avait jug\u00e9 que sa suspension \u00e9tait surtout due \u00e0 ses mauvaises audiences.<\/p>\n<p><a href=\"https:\/\/www.20minutes.fr\/dossier\/donald_trump\" class=\"c-link c-link--is-underlined\" target=\"_blank\" rel=\"noopener\">Donald Trump<\/a> \u00ab\u00a0a fait de son mieux pour me faire annuler. Au lieu de cela\u00a0\u00bb, il a pouss\u00e9 des millions de personnes \u00e0 regarder l\u2019\u00e9mission, a ironis\u00e9 Jimmy Kimmel. \u00ab\u00a0Cela s\u2019est retourn\u00e9 contre lui de fa\u00e7on \u00e9norme\u00a0\u00bb, a-t-il ajout\u00e9, affirmant qu\u2019un \u00ab\u00a0gouvernement qui menace de faire taire un com\u00e9dien que le pr\u00e9sident n\u2019aime pas <a href=\"https:\/\/www.20minutes.fr\/monde\/etats-unis\/4174884-20250924-etats-unis-jimmy-kimmel-gouvernement-trump-veut-ecarter-anti-americain\" class=\"c-link c-link--is-underlined\" target=\"_blank\" rel=\"noopener\">est antiam\u00e9ricain<\/a>\u00a0\u00bb.<\/p>\n<p>Des audiences quatre fois plus importantes<\/p>\n<p>Les 6,2\u00a0millions de t\u00e9l\u00e9spectateurs avanc\u00e9s par <a href=\"https:\/\/www.20minutes.fr\/dossier\/abc\" class=\"c-link c-link--is-underlined\" target=\"_blank\" rel=\"noopener\">la cha\u00eene ABC<\/a> repr\u00e9sentent la meilleure performance de l\u2019\u00e9mission \u00ab\u00a0depuis plus de dix ans\u00a0\u00bb, selon un communiqu\u00e9 de <a href=\"https:\/\/www.20minutes.fr\/dossier\/disney\" class=\"c-link c-link--is-underlined\" target=\"_blank\" rel=\"noopener\">Disney<\/a>, propri\u00e9taire de la cha\u00eene. Et ce, alors m\u00eame que l\u2019\u00e9mission n\u2019a pas \u00e9t\u00e9 diffus\u00e9e par pr\u00e8s de 25\u00a0% des cha\u00eenes locales du pays, qui continuent de boycotter l\u2019humoriste.<\/p>\n<p>L\u2019audience du Jimmy Kimmel Live\u00a0!, mardi, a ainsi \u00e9t\u00e9 plus de quatre fois plus importante que la moyenne de la derni\u00e8re saison de l\u2019\u00e9mission. Plus de 26\u00a0millions de personnes ont \u00e9galement regard\u00e9 la s\u00e9quence d\u2019ouverture de l\u2019humoriste sur les <a href=\"https:\/\/www.20minutes.fr\/dossier\/reseaux_sociaux\" class=\"c-link c-link--is-underlined\" target=\"_blank\" rel=\"noopener\">r\u00e9seaux sociaux<\/a>.<\/p>\n<p>Un (nouveau) soutien de poids<\/p>\n<p>Kimmel a d\u2019ailleurs re\u00e7u le soutien, mercredi 24\u00a0septembre 2025, de l\u2019ultra-populaire animateur de <a href=\"https:\/\/www.20minutes.fr\/podcast\/\" class=\"c-link c-link--is-underlined\" target=\"_blank\" rel=\"noopener\">podcasts <\/a>Joe Rogan, qui a d\u00e9fendu le droit de l\u2019humoriste \u00e0 plaisanter sans cons\u00e9quence\u00a0: \u00ab\u00a0Je pense vraiment qu\u2019aucun gouvernement ne devrait intervenir pour dicter ce qu\u2019un <a href=\"https:\/\/www.20minutes.fr\/dossier\/humoriste\" class=\"c-link c-link--is-underlined\" target=\"_blank\" rel=\"noopener\">humoriste <\/a>peut ou ne peut pas dire\u00a0\u00bb, s\u2019est-il ainsi offusqu\u00e9. Le pr\u00e9sentateur de The Joe Rogan Exp\u00e9rience, le podcast le plus \u00e9cout\u00e9 du monde, est connu pour ses accointances avec les id\u00e9es libertariennes mais aussi pour ses relais de th\u00e9ories conspirationnistes.<\/p>\n<p>Pour rappel, Jimmy Kimmel avait indign\u00e9 le camp trumpiste en accusant la droite am\u00e9ricaine <a href=\"https:\/\/www.20minutes.fr\/monde\/etats-unis\/4173771-20250918-apres-avoir-accuse-bande-maga-trump-instrumentaliser-mort-charlie-kirk-celebre-animateur-suspendu\" class=\"c-link c-link--is-underlined\" target=\"_blank\" rel=\"noopener\">d\u2019exploiter politiquement le meurtre de l\u2019influenceur ultraconservateur Charlie Kirk<\/a>. Le patron du gendarme am\u00e9ricain de l\u2019audiovisuel (FCC) avait alors d\u00e9nonc\u00e9 un \u00ab\u00a0comportement scandaleux\u00a0\u00bb et sous-entendu qu\u2019il pourrait retirer leur licence aux cha\u00eenes qui diffusaient l\u2019\u00e9mission.<\/p>\n<p><a href=\"https:\/\/www.20minutes.fr\/dossier\/jimmy_kimmel\" class=\"c-link c-btn c-btn--primary\" target=\"_blank\" rel=\"noopener\">Notre dossier \u00ab Jimmy Kimmel \u00bb<\/a><\/p>\n<p>Deux groupes poss\u00e9dant des dizaines de cha\u00eenes locales, Nexstar et Sinclair, avaient alors annonc\u00e9 refuser de diffuser l\u2019\u00e9mission, provoquant une crise qui avait conduit ABC <a href=\"https:\/\/www.20minutes.fr\/arts-stars\/medias\/4173818-20250918-animateur-jimmy-kimmel-prive-antenne-apres-propos-charlie-kirk-grande-satisfaction-donald-trump\" class=\"c-link c-link--is-underlined\" target=\"_blank\" rel=\"noopener\">\u00e0 suspendre l\u2019\u00e9mission dans tout le pays<\/a>. Donald Trump, lui, avait imm\u00e9diatement salu\u00e9 une \u00ab\u00a0grande nouvelle pour l\u2019Am\u00e9rique\u00a0\u00bb et appel\u00e9 \u00e0 priver d\u2019antenne d\u2019autres figures des <a href=\"https:\/\/www.20minutes.fr\/arts-stars\/television\/4164441-20250719-donald-trump-ravi-arret-late-show-stephen-colbert\" class=\"c-link c-link--is-underlined\" target=\"_blank\" rel=\"noopener\">\u00ab\u00a0late night shows\u00a0\u00bb<\/a>, ces \u00e9missions de fin de soir\u00e9e populaires aux Etats-Unis.<\/p>\n","protected":false},"excerpt":{"rendered":"Le retour de b\u00e2ton est spectaculaire\u00a0: L\u2019humoriste Jimmy Kimmel, dont la suspension a provoqu\u00e9 des d\u00e9bats houleux sur&hellip;\n","protected":false},"author":2,"featured_media":416442,"comment_status":"","ping_status":"","sticky":false,"template":"","format":"standard","meta":{"footnotes":""},"categories":[8],"tags":[35997,6744,520,58,75,59,73,1011,27,2701,39997,3725,4919,938,252,133],"class_list":{"0":"post-416441","1":"post","2":"type-post","3":"status-publish","4":"format-standard","5":"has-post-thumbnail","7":"category-divertissement","8":"tag-abc","9":"tag-assassinat","10":"tag-disney","11":"tag-divertissement","12":"tag-donald-trump","13":"tag-entertainment","14":"tag-etats-unis","15":"tag-fr","16":"tag-france","17":"tag-humoriste","18":"tag-jimmy-kimmel","19":"tag-podcast","20":"tag-president","21":"tag-reseaux-sociaux","22":"tag-television","23":"tag-video"},"share_on_mastodon":{"url":"https:\/\/pubeurope.com\/@fr\/115264869281623151","error":""},"_links":{"self":[{"href":"https:\/\/www.europesays.com\/fr\/wp-json\/wp\/v2\/posts\/416441","targetHints":{"allow":["GET"]}}],"collection":[{"href":"https:\/\/www.europesays.com\/fr\/wp-json\/wp\/v2\/posts"}],"about":[{"href":"https:\/\/www.europesays.com\/fr\/wp-json\/wp\/v2\/types\/post"}],"author":[{"embeddable":true,"href":"https:\/\/www.europesays.com\/fr\/wp-json\/wp\/v2\/users\/2"}],"replies":[{"embeddable":true,"href":"https:\/\/www.europesays.com\/fr\/wp-json\/wp\/v2\/comments?post=416441"}],"version-history":[{"count":0,"href":"https:\/\/www.europesays.com\/fr\/wp-json\/wp\/v2\/posts\/416441\/revisions"}],"wp:featuredmedia":[{"embeddable":true,"href":"https:\/\/www.europesays.com\/fr\/wp-json\/wp\/v2\/media\/416442"}],"wp:attachment":[{"href":"https:\/\/www.europesays.com\/fr\/wp-json\/wp\/v2\/media?parent=416441"}],"wp:term":[{"taxonomy":"category","embeddable":true,"href":"https:\/\/www.europesays.com\/fr\/wp-json\/wp\/v2\/categories?post=416441"},{"taxonomy":"post_tag","embeddable":true,"href":"https:\/\/www.europesays.com\/fr\/wp-json\/wp\/v2\/tags?post=416441"}],"curies":[{"name":"wp","href":"https:\/\/api.w.org\/{rel}","templated":true}]}}